{"id":20435,"date":"2025-09-18T19:28:35","date_gmt":"2025-09-18T23:28:35","guid":{"rendered":"https:\/\/agromt.news\/?p=20435"},"modified":"2025-09-18T19:28:35","modified_gmt":"2025-09-18T23:28:35","slug":"cotacoes-do-boi-gordo-hoje-veja-o-preco-da-arroba-e-do-atacado","status":"publish","type":"post","link":"https:\/\/agromt.news\/?p=20435","title":{"rendered":"Cota\u00e7\u00f5es do boi gordo hoje: veja o pre\u00e7o da arroba e do atacado"},"content":{"rendered":"<p> <br \/>\n<\/p>\n<div>\n<figure><img decoding=\"async\" src=\"https:\/\/agromt.news\/wp-content\/uploads\/2024\/09\/Cenario-perfeito-para-a-alta-do-boi-gordo-Veja-as.jpg\" alt=\"pecu\u00e1ria, gado , boi\" \/><figcaption>Foto: Gilson Abreu\/AEN<\/figcaption><\/figure>\n<\/div>\n<p>O mercado f\u00edsico do boi gordo se depara com pre\u00e7os acomodados. Os frigor\u00edficos se deparam com escalas confort\u00e1veis em grande parte do pa\u00eds, posicionados para o restante de setembro.<\/p>\n<p>De acordo com o analista da consultoria Safras &amp; Mercado Fernando Henrique Iglesias, a tend\u00eancia \u00e9 que a ind\u00fastria siga pressionando os pecuaristas por pre\u00e7os mais baixos at\u00e9 o final do m\u00eas. <\/p>\n<ul class=\"wp-block-list\">\n<li><em>Veja em primeira m\u00e3o tudo sobre agricultura, pecu\u00e1ria, economia e previs\u00e3o do tempo:<\/em><a href=\"https:\/\/news.google.com\/publications\/CAAqBwgKMPKZlQswq_mqAw?hl=pt-BR&amp;gl=BR&amp;ceid=BR%3Apt-419\" target=\"_blank\" rel=\"noreferrer noopener\">\u00a0<em>siga o Canal Rural no Google News!<\/em><\/a><\/li>\n<\/ul>\n<p>&#8220;As exporta\u00e7\u00f5es s\u00e3o o grande ponto de suporte neste momento, com volumes bastante expressivos no decorrer de 2025&#8221;, diz.<\/p>\n<h2 class=\"wp-block-heading\" id=\"h-cotacao-media-do-boi-gordo\">Cota\u00e7\u00e3o m\u00e9dia do boi gordo<\/h2>\n<ul class=\"wp-block-list\">\n<li><strong>S\u00e3o Paulo:<\/strong> R$ 302,75 <\/li>\n<li><strong>Goi\u00e1s: <\/strong>R$ 289,29 <\/li>\n<li><strong>Minas Gerais:<\/strong> R$ 287,65 <\/li>\n<li><strong>Mato Grosso do Sul: <\/strong>R$ 320,34 <\/li>\n<li><strong>Mato Grosso: <\/strong>R$ 298,78 <\/li>\n<\/ul>\n<h2 class=\"wp-block-heading\" id=\"h-mercado-atacadista\">Mercado atacadista<\/h2>\n<p>O mercado atacadista se depara com pre\u00e7os acomodados durante a quinta-feira para a <strong><a href=\"https:\/\/www.canalrural.com.br\/tag\/carne-bovina\/\">carne bovina<\/a><\/strong>. O quarto traseiro ainda \u00e9 precificado a R$ 24,10 por quilo; o dianteiro segue a R$ 18 por quilo; e a ponta de agulha se mant\u00e9m no patamar de R$ 17,10 por quilo.<\/p>\n<h2 class=\"wp-block-heading\" id=\"h-cambio\">C\u00e2mbio<\/h2>\n<p>O d\u00f3lar comercial encerrou a sess\u00e3o em alta de 0,32%, sendo negociado a R$ 5,3190 para venda e a R$ 5,3170 para compra. Durante o dia, a moeda norte-americana oscilou entre a m\u00ednima de R$ 5,2697 e a m\u00e1xima de R$ 5,3195.<\/p>\n<p>O post <a href=\"https:\/\/www.canalrural.com.br\/pecuaria\/cotacoes-do-boi-gordo-hoje-veja-o-preco-da-arroba-e-do-atacado\/\">Cota\u00e7\u00f5es do boi gordo hoje: veja o pre\u00e7o da arroba e do atacado<\/a> apareceu primeiro em <a href=\"https:\/\/www.canalrural.com.br\">Canal Rural<\/a>.<\/p>\n<p><br \/>\n<br \/><a href=\"https:\/\/www.canalrural.com.br\/pecuaria\/cotacoes-do-boi-gordo-hoje-veja-o-preco-da-arroba-e-do-atacado\/\">Source link <\/a><\/p>\n","protected":false},"excerpt":{"rendered":"<p>Foto: Gilson Abreu\/AEN O mercado f\u00edsico do boi gordo se depara com pre\u00e7os acomodados. Os frigor\u00edficos se deparam com escalas<\/p>\n","protected":false},"author":1,"featured_media":1501,"comment_status":"open","ping_status":"open","sticky":false,"template":"","format":"standard","meta":{"_monsterinsights_skip_tracking":false,"_monsterinsights_sitenote_active":false,"_monsterinsights_sitenote_note":"","_monsterinsights_sitenote_category":0,"_uf_show_specific_survey":0,"_uf_disable_surveys":false,"footnotes":""},"categories":[1],"tags":[],"class_list":["post-20435","post","type-post","status-publish","format-standard","has-post-thumbnail","hentry","category-news"],"_links":{"self":[{"href":"https:\/\/agromt.news\/index.php?rest_route=\/wp\/v2\/posts\/20435"}],"collection":[{"href":"https:\/\/agromt.news\/index.php?rest_route=\/wp\/v2\/posts"}],"about":[{"href":"https:\/\/agromt.news\/index.php?rest_route=\/wp\/v2\/types\/post"}],"author":[{"embeddable":true,"href":"https:\/\/agromt.news\/index.php?rest_route=\/wp\/v2\/users\/1"}],"replies":[{"embeddable":true,"href":"https:\/\/agromt.news\/index.php?rest_route=%2Fwp%2Fv2%2Fcomments&post=20435"}],"version-history":[{"count":0,"href":"https:\/\/agromt.news\/index.php?rest_route=\/wp\/v2\/posts\/20435\/revisions"}],"wp:featuredmedia":[{"embeddable":true,"href":"https:\/\/agromt.news\/index.php?rest_route=\/wp\/v2\/media\/1501"}],"wp:attachment":[{"href":"https:\/\/agromt.news\/index.php?rest_route=%2Fwp%2Fv2%2Fmedia&parent=20435"}],"wp:term":[{"taxonomy":"category","embeddable":true,"href":"https:\/\/agromt.news\/index.php?rest_route=%2Fwp%2Fv2%2Fcategories&post=20435"},{"taxonomy":"post_tag","embeddable":true,"href":"https:\/\/agromt.news\/index.php?rest_route=%2Fwp%2Fv2%2Ftags&post=20435"}],"curies":[{"name":"wp","href":"https:\/\/api.w.org\/{rel}","templated":true}]}}