{"id":20432,"date":"2025-09-18T18:30:51","date_gmt":"2025-09-18T22:30:51","guid":{"rendered":"https:\/\/agromt.news\/?p=20432"},"modified":"2025-09-18T18:30:51","modified_gmt":"2025-09-18T22:30:51","slug":"senadores-dos-eua-querem-cancelar-tarifaco-contra-o-brasil","status":"publish","type":"post","link":"https:\/\/agromt.news\/?p=20432","title":{"rendered":"Senadores dos EUA querem cancelar tarifa\u00e7o contra o Brasil"},"content":{"rendered":"<p> <br \/>\n<br \/><img decoding=\"async\" src=\"https:\/\/agromt.news\/wp-content\/uploads\/2025\/02\/Trump-diz-que-tarifas-para-Mexico-e-Canada-entram-em.jpg\" \/><\/p>\n<div>\n<p>A tarifa de 50% aos produtos brasileiros exportados para os <strong><a href=\"https:\/\/www.canalrural.com.br\/tag\/estados-unidos\/\">Estados Unidos<\/a><\/strong> pode ter um fim, a depender de cinco senadores norte-americanos que apresentaram uma resolu\u00e7\u00e3o contra a medida.<\/p>\n<p>O texto tem como meta cancelar imediatamente a cobran\u00e7a de 40% desse montante, imposto em agosto deste ano com base na Lei de Poderes de Emerg\u00eancia Econ\u00f4mica Internacional (IEEPA, na sigla em ingl\u00eas). <\/p>\n<p>Contudo, o intento dos parlamentares n\u00e3o contempla o adicional de 10%, em vigor desde abril e anunciada quando Donald Trump penalizou diversas outras na\u00e7\u00f5es, sendo a China, \u00e0 \u00e9poca, a mais afetada. <\/p>\n<p>Ao todo, cinco senadores apoiam o fim da cobran\u00e7a ao Brasil, incluindo um republicano, Rand Paul, do estado do Kentucky. Os outros quatro nomes s\u00e3o Jeanne Shaheen, de New Hampshire, Tim Kaine, de Virginia, Ron Wyden, do Oregon e o l\u00edder da minoria democrata, Chuck Schumer, de Nova York.<\/p>\n<p>Os representantes alegam que n\u00e3o h\u00e1 situa\u00e7\u00e3o de emerg\u00eancia econ\u00f4mica com o Brasil, pressuposto necess\u00e1rio \u00e0 implementa\u00e7\u00e3o da IEEPA, visto que a balan\u00e7a comercial \u00e9 superavit\u00e1ria para os Estados Unidos. Assim, a justificativa legal usada por Trump n\u00e3o seria v\u00e1lida.<\/p>\n<p>Os senadores tamb\u00e9m se dizem preocupados com o aumento dos pre\u00e7os de produtos \u00e0 popula\u00e7\u00e3o norte-americana. Exemplo disso \u00e9 o caf\u00e9. Antes do in\u00edcio da vig\u00eancia do tarifa\u00e7o, o Brasil era respons\u00e1vel por mais de 30% dos gr\u00e3os consumidos pelos Estados Unidos.<\/p>\n<h2 class=\"wp-block-heading\" id=\"h-motivos-politicos\">Motivos pol\u00edticos<\/h2>\n<p>De acordo com reportagem da CNN, em comunicado, o republicano que se juntou aos democratas na iniciativa, ainda se refere ao julgamento de Jair Bolsonaro pelo plano de golpe como \u201cpersegui\u00e7\u00e3o\u201d, mas diz n\u00e3o deve haver rela\u00e7\u00e3o com os limites constitucionais do Executivo norte-americano. <\/p>\n<p>Segundo ele, a pol\u00edtica comercial dos Estados Unidos \u00e9 de compet\u00eancia do Congresso, n\u00e3o da Casa Branca. \u201cEstou alarmado com a persegui\u00e7\u00e3o de um ex-presidente pelo governo brasileiro e com a repress\u00e3o autorit\u00e1ria \u00e0 liberdade de express\u00e3o, mas isso n\u00e3o tem qualquer rela\u00e7\u00e3o com os limites constitucionais do nosso pr\u00f3prio Executivo\u201d, declarou Paul.<\/p>\n<p>De acordo com o republicano, o presidente dos Estados Unidos n\u00e3o tem autoridade, sob a IEEPA, para impor tarifas unilateralmente.<\/p>\n<p>J\u00e1 o l\u00edder da minoria democrata, Chuck Schumer, afirma que Trump declarou uma emerg\u00eancia econ\u00f4mica falsa para ajudar seu aliado, Jair Bolsonaro, e pede apoio dos republicanos para conseguir a aprova\u00e7\u00e3o da medida no Congresso.<\/p>\n<p>\u201cTrump instituiu a falsa \u2018declara\u00e7\u00e3o de emerg\u00eancia\u2019 ap\u00f3s a acusa\u00e7\u00e3o de seu aliado, o ex-presidente Jair Bolsonaro, em uma clara extrapola\u00e7\u00e3o de seu poder presidencial\u201d, escreveu.<\/p>\n<p>Conforme Schumer, os norte-americanos n\u00e3o merecem que Trump fa\u00e7a jogadas pol\u00edticas com seu sustento e seus bolsos. \u201cJ\u00e1 passou da hora de os republicanos no Congresso acabarem com essa loucura e se unirem aos democratas para enfrentar o imposto tarif\u00e1rio de Trump\u201d, concluiu.<\/p>\n<\/p><\/div>\n<p><br \/>\n<br \/><a href=\"https:\/\/www.canalrural.com.br\/politica\/senadores-dos-eua-querem-cancelar-tarifaco-contra-o-brasil\/\">Source link <\/a><\/p>\n","protected":false},"excerpt":{"rendered":"<p>A tarifa de 50% aos produtos brasileiros exportados para os Estados Unidos pode ter um fim, a depender de cinco<\/p>\n","protected":false},"author":1,"featured_media":10134,"comment_status":"open","ping_status":"open","sticky":false,"template":"","format":"standard","meta":{"_monsterinsights_skip_tracking":false,"_monsterinsights_sitenote_active":false,"_monsterinsights_sitenote_note":"","_monsterinsights_sitenote_category":0,"_uf_show_specific_survey":0,"_uf_disable_surveys":false,"footnotes":""},"categories":[1],"tags":[],"class_list":["post-20432","post","type-post","status-publish","format-standard","has-post-thumbnail","hentry","category-news"],"_links":{"self":[{"href":"https:\/\/agromt.news\/index.php?rest_route=\/wp\/v2\/posts\/20432"}],"collection":[{"href":"https:\/\/agromt.news\/index.php?rest_route=\/wp\/v2\/posts"}],"about":[{"href":"https:\/\/agromt.news\/index.php?rest_route=\/wp\/v2\/types\/post"}],"author":[{"embeddable":true,"href":"https:\/\/agromt.news\/index.php?rest_route=\/wp\/v2\/users\/1"}],"replies":[{"embeddable":true,"href":"https:\/\/agromt.news\/index.php?rest_route=%2Fwp%2Fv2%2Fcomments&post=20432"}],"version-history":[{"count":0,"href":"https:\/\/agromt.news\/index.php?rest_route=\/wp\/v2\/posts\/20432\/revisions"}],"wp:featuredmedia":[{"embeddable":true,"href":"https:\/\/agromt.news\/index.php?rest_route=\/wp\/v2\/media\/10134"}],"wp:attachment":[{"href":"https:\/\/agromt.news\/index.php?rest_route=%2Fwp%2Fv2%2Fmedia&parent=20432"}],"wp:term":[{"taxonomy":"category","embeddable":true,"href":"https:\/\/agromt.news\/index.php?rest_route=%2Fwp%2Fv2%2Fcategories&post=20432"},{"taxonomy":"post_tag","embeddable":true,"href":"https:\/\/agromt.news\/index.php?rest_route=%2Fwp%2Fv2%2Ftags&post=20432"}],"curies":[{"name":"wp","href":"https:\/\/api.w.org\/{rel}","templated":true}]}}