{"id":20429,"date":"2025-09-18T18:01:04","date_gmt":"2025-09-18T22:01:04","guid":{"rendered":"https:\/\/agromt.news\/?p=20429"},"modified":"2025-09-18T18:01:04","modified_gmt":"2025-09-18T22:01:04","slug":"setembro-amarelo-como-a-gestao-de-pessoas-e-o-dialogo-mudam-a-vida-na-fazenda","status":"publish","type":"post","link":"https:\/\/agromt.news\/?p=20429","title":{"rendered":"Setembro Amarelo: como a gest\u00e3o de pessoas e o di\u00e1logo mudam a vida na fazenda"},"content":{"rendered":"<p> <br \/>\n<\/p>\n<div>\n<p>Pecuaristas, a sa\u00fade mental, que antes era vista como um problema exclusivo das grandes cidades, tem se tornado cada vez mais comum no campo. Quest\u00f5es como depress\u00e3o e ansiedade, aliadas ao isolamento e \u00e0 solid\u00e3o das fazendas, t\u00eam feito com que trabalhadores rurais sofram em sil\u00eancio. Confira o v\u00eddeo.<\/p>\n<figure class=\"wp-block-embed is-type-video is-provider-youtube wp-block-embed-youtube wp-embed-aspect-16-9 wp-has-aspect-ratio\">\n<p>\n<iframe title=\"SETEMBRO AMARELO: CONVERSAR PODE MUDAR A VIDA NO CAMPO\" width=\"800\" height=\"450\" src=\"https:\/\/www.youtube.com\/embed\/lrJXkP1WQu4?feature=oembed\" frameborder=\"0\" allow=\"accelerometer; autoplay; clipboard-write; encrypted-media; gyroscope; picture-in-picture; web-share\" referrerpolicy=\"strict-origin-when-cross-origin\" allowfullscreen><\/iframe><noscript><iframe title=\"SETEMBRO AMARELO: CONVERSAR PODE MUDAR A VIDA NO CAMPO\" width=\"800\" height=\"450\" src=\"https:\/\/www.youtube.com\/embed\/lrJXkP1WQu4?feature=oembed\" frameborder=\"0\" allow=\"accelerometer; autoplay; clipboard-write; encrypted-media; gyroscope; picture-in-picture; web-share\" referrerpolicy=\"strict-origin-when-cross-origin\" allowfullscreen><\/iframe><\/noscript>\n<\/p>\n<\/figure>\n<p>Nesta entrevista no programa <strong>Giro do Boi<\/strong>, a jornalista <strong>Jaqueline Lubaski<\/strong>, especialista em gest\u00e3o de trabalhadores rurais, ressalta que o <strong>Setembro Amarelo<\/strong> atua como um alerta para a import\u00e2ncia da conversa, que pode salvar vidas.<\/p>\n<h2 class=\"wp-block-heading\" id=\"h-conversar-e-a-chave-o-poder-do-dialogo\"><strong>Conversar \u00e9 a chave: o poder do di\u00e1logo<\/strong><\/h2>\n<p>Jaqueline Lubaski, que atende centenas de fazendas no Brasil, afirma que o problema da sa\u00fade mental no campo sempre existiu, mas que, felizmente, tem sido debatido com mais frequ\u00eancia. Ela explica que as fazendas t\u00eam aderido \u00e0s campanhas, investindo em a\u00e7\u00f5es sociais e de recursos humanos, e levando o tema para discuss\u00e3o.<\/p>\n<p>A especialista destaca que um funcion\u00e1rio com a sa\u00fade mental abalada \u00e9 improdutivo, o que impacta diretamente na receita da propriedade. \u00c9 imposs\u00edvel \u201cdeixar o problema no port\u00e3o\u201d da fazenda e n\u00e3o lev\u00e1-lo para a rotina de trabalho. Por isso, o gestor tem um papel crucial:<\/p>\n<ul class=\"wp-block-list\">\n<li><strong>Olhar o funcion\u00e1rio como um ser humano:<\/strong> A fazenda \u00e9 uma extens\u00e3o da casa do propriet\u00e1rio, e os problemas dos colaboradores tamb\u00e9m s\u00e3o problemas do gestor.<\/li>\n<li><strong>Aproveitar recursos p\u00fablicos:<\/strong> Todas as cidades t\u00eam <strong>Centros de Aten\u00e7\u00e3o Psicossocial (CAPS)<\/strong> e <strong>Centros de Refer\u00eancia de Assist\u00eancia Social (CRAS)<\/strong>, que oferecem profissionais da sa\u00fade para palestras e apoio gratuito.<\/li>\n<li><strong>Fazer Di\u00e1logo Semanal de Seguran\u00e7a (DSS):<\/strong> Esses di\u00e1logos, de <strong>15 minutos<\/strong>, devem ser utilizados para debater temas que v\u00e3o al\u00e9m da seguran\u00e7a do trabalho, como a sa\u00fade mental, alcoolismo e outros assuntos que afetam a rotina.<\/li>\n<\/ul>\n<p><em>Veja em primeira m\u00e3o tudo sobre agricultura, pecu\u00e1ria, economia e previs\u00e3o do tempo:<\/em><a href=\"https:\/\/news.google.com\/publications\/CAAqBwgKMPKZlQswq_mqAw?hl=pt-BR&amp;gl=BR&amp;ceid=BR%3Apt-419\"> <em>siga o Canal Rural no Google News!<\/em><\/a><\/p>\n<h2 class=\"wp-block-heading\" id=\"h-o-caso-da-fazenda-lpcd-e-a-nova-geracao\"><strong>O caso da Fazenda LPCD e a nova gera\u00e7\u00e3o<\/strong><\/h2>\n<figure class=\"wp-block-image size-large\"><img fetchpriority=\"high\" decoding=\"async\" width=\"1024\" height=\"576\" alt=\"\" class=\"wp-image-4123418\"  data-lazy- src=\"https:\/\/agromt.news\/wp-content\/uploads\/2025\/09\/Setembro-Amarelo-como-a-gestao-de-pessoas-e-o-dialogo.jpg\"\/><img decoding=\"async\" width=\"1024\" height=\"576\" src=\"https:\/\/agromt.news\/wp-content\/uploads\/2025\/09\/Setembro-Amarelo-como-a-gestao-de-pessoas-e-o-dialogo.jpg\" alt=\"\" class=\"wp-image-4123418\"  \/><figcaption class=\"wp-element-caption\">Setembro amarelo \u00e9 tema de discuss\u00e3o entre trabalhadores rurais. Foto: Divulga\u00e7\u00e3o.<\/figcaption><\/figure>\n<p>O <strong>Grupo LPCD<\/strong>, um dos maiores projetos de pecu\u00e1ria do Brasil, \u00e9 um exemplo pr\u00e1tico de como o manejo dos trabalhadores rurais, com foco na sa\u00fade mental, pode trazer resultados. O grupo, que tem quase <strong>200 mil cabe\u00e7as de gado<\/strong>, possui uma pessoa focada em a\u00e7\u00f5es sociais e investe em melhorias para os colaboradores.<\/p>\n<p>A jornalista Jaqueline Lubaski ressalta que o grupo tem um grande problema: <strong>40 vagas para vaqueiros em Tangar\u00e1 da Serra<\/strong>, no <strong>estado de Mato Grosso<\/strong>. A falta de m\u00e3o de obra mostra uma mudan\u00e7a de comportamento:<\/p>\n<ul class=\"wp-block-list\">\n<li><strong>A busca por qualidade de vida:<\/strong> A nova gera\u00e7\u00e3o de trabalhadores rurais busca mais do que um sal\u00e1rio, que \u00e9 uma obriga\u00e7\u00e3o. Eles querem qualidade de vida, um ambiente saud\u00e1vel e leve, moradia decente e acesso \u00e0 internet.<\/li>\n<li><strong>A import\u00e2ncia do investimento:<\/strong> O gestor que n\u00e3o se adaptar a essa nova realidade, investindo no bem-estar dos colaboradores, n\u00e3o conseguir\u00e1 reter m\u00e3o de obra, pois as gera\u00e7\u00f5es passadas j\u00e1 est\u00e3o se aposentando e as novas t\u00eam outras prioridades.<\/li>\n<\/ul>\n<h2 class=\"wp-block-heading\" id=\"h-casos-de-sucesso-no-campo\"><strong>Casos de sucesso no campo<\/strong><\/h2>\n<p>Jaqueline Lubaski conta que j\u00e1 identificou, atrav\u00e9s de pesquisas de clima, casos de depress\u00e3o em trabalhadores rurais e, com o apoio de profissionais da sa\u00fade, conseguiu reverter o quadro.<\/p>\n<p>O <strong>Setembro Amarelo<\/strong> \u00e9 um convite para que o pecuarista se preocupe com o bem-estar do seu funcion\u00e1rio, pois o cuidado com as pessoas n\u00e3o se reflete apenas na redu\u00e7\u00e3o de problemas pessoais, mas tamb\u00e9m na melhoria da produtividade.<\/p>\n<\/p><\/div>\n<p><br \/>\n<br \/><a href=\"https:\/\/www.canalrural.com.br\/pecuaria\/setembro-amarelo-como-a-gestao-de-pessoas-e-o-dialogo-mudam-a-vida-na-fazenda\/\">Source link <\/a><\/p>\n","protected":false},"excerpt":{"rendered":"<p>Pecuaristas, a sa\u00fade mental, que antes era vista como um problema exclusivo das grandes cidades, tem se tornado cada vez<\/p>\n","protected":false},"author":1,"featured_media":20430,"comment_status":"open","ping_status":"open","sticky":false,"template":"","format":"standard","meta":{"_monsterinsights_skip_tracking":false,"_monsterinsights_sitenote_active":false,"_monsterinsights_sitenote_note":"","_monsterinsights_sitenote_category":0,"_uf_show_specific_survey":0,"_uf_disable_surveys":false,"footnotes":""},"categories":[1],"tags":[],"class_list":["post-20429","post","type-post","status-publish","format-standard","has-post-thumbnail","hentry","category-news"],"_links":{"self":[{"href":"https:\/\/agromt.news\/index.php?rest_route=\/wp\/v2\/posts\/20429"}],"collection":[{"href":"https:\/\/agromt.news\/index.php?rest_route=\/wp\/v2\/posts"}],"about":[{"href":"https:\/\/agromt.news\/index.php?rest_route=\/wp\/v2\/types\/post"}],"author":[{"embeddable":true,"href":"https:\/\/agromt.news\/index.php?rest_route=\/wp\/v2\/users\/1"}],"replies":[{"embeddable":true,"href":"https:\/\/agromt.news\/index.php?rest_route=%2Fwp%2Fv2%2Fcomments&post=20429"}],"version-history":[{"count":0,"href":"https:\/\/agromt.news\/index.php?rest_route=\/wp\/v2\/posts\/20429\/revisions"}],"wp:featuredmedia":[{"embeddable":true,"href":"https:\/\/agromt.news\/index.php?rest_route=\/wp\/v2\/media\/20430"}],"wp:attachment":[{"href":"https:\/\/agromt.news\/index.php?rest_route=%2Fwp%2Fv2%2Fmedia&parent=20429"}],"wp:term":[{"taxonomy":"category","embeddable":true,"href":"https:\/\/agromt.news\/index.php?rest_route=%2Fwp%2Fv2%2Fcategories&post=20429"},{"taxonomy":"post_tag","embeddable":true,"href":"https:\/\/agromt.news\/index.php?rest_route=%2Fwp%2Fv2%2Ftags&post=20429"}],"curies":[{"name":"wp","href":"https:\/\/api.w.org\/{rel}","templated":true}]}}