{"id":20426,"date":"2025-09-18T17:45:21","date_gmt":"2025-09-18T21:45:21","guid":{"rendered":"https:\/\/agromt.news\/?p=20426"},"modified":"2025-09-18T17:45:21","modified_gmt":"2025-09-18T21:45:21","slug":"semeadura-do-triticale-encerra-em-julho","status":"publish","type":"post","link":"https:\/\/agromt.news\/?p=20426","title":{"rendered":"semeadura do triticale encerra em julho"},"content":{"rendered":"<p> <br \/>\n<\/p>\n<div>\n<div class=\"row\">\n<div class=\"col-lg col-infos mt-0 mt-lg-0\">\n<div class=\"section-sub-title\">\n<p itemprop=\"description\">&#13;<br \/>\n                                Chuvas intensas impactam triticale semeado em maio e junho&#13;\n                            <\/p>\n<\/p><\/div>\n<div class=\"container\">\n<div class=\"row\">\n<div class=\"col-lg p-0\">\n<div>\n<div class=\"block-news-main-infos mt-3 text-start\">\n<p>                                            <strong class=\"fn\" itemprop=\"author\" style=\"color: rgb(112, 112, 112); \">&#13;<br \/>\n                                                <a href=\"https:\/\/www.agrolink.com.br\/noticias\/javascript:;\" class=\"text-uppercase\" target=\"_blank\" style=\"color: rgb(112, 112, 112); \" rel=\"noopener\">Agrolink<\/a>&#13;<br \/>\n&#13;<br \/>\n                                                    &#8211; Seane Lennon&#13;<br \/>\n&#13;<br \/>\n                                            <\/strong><br \/>\n                                        <\/p>\n<p>                                            <abbr><time datetime=\"2025 - 09 - 17T18:34\" itemprop=\"datePublished dateModified\"> Publicado em 17\/09\/2025 \u00e0s 18:34h.<\/time><\/abbr>\n                                    <\/div>\n<\/p><\/div>\n<\/p><\/div>\n<div class=\"col-lg p-0 text-lg-end\">\n<div>\n<div id=\"mdEnviarPagina\" class=\"modal fade\" role=\"dialog\">\n<div class=\"modal-dialog\">\n<div class=\"modal-content\">\n<div class=\"modal-body\">\n<p><strong>Estimado usu\u00e1rio.<\/strong><br \/>Preencha o formul\u00e1rio abaixo para remeter a p\u00e1gina.<\/p>\n<\/p><\/div>\n<\/p><\/div>\n<\/p><\/div>\n<\/div><\/div>\n<\/p><\/div>\n<\/p><\/div>\n<\/p><\/div>\n<\/p><\/div>\n<\/p><\/div>\n<div class=\"row justify-content-md-center mt-3\">\n<div class=\"col-lg-auto col-image block-news-main-image\">\n<p>                                <img decoding=\"async\" src=\"https:\/\/www.agrolink.com.br\/upload\/imagens-resizes\/d3c4b80b5173412ead09582107ceabd6_858x483.jpg\" class=\"lazyload img-fluid\"\/><br \/>\n                                                <span class=\"publicity-photo d-block mt-1\">Foto: Pixabay<\/span><\/p><\/div>\n<\/p><\/div>\n<div class=\"section-description section-description-noticias mt-3\">\n<p style=\"text-align:justify\">De acordo com dados do 12\u00ba Levantamento da Safra de Gr\u00e3os do ciclo 2024\/25 da Companhia Nacional de Abastecimento (Conab), \u201cno Rio Grande do Sul, a semeadura do triticale foi encerrada ainda em julho\u201d. A Conab detalhou que \u201ca evolu\u00e7\u00e3o da opera\u00e7\u00e3o se deu em 5% da \u00e1rea em maio, 40% em junho e 55% em julho\u201d.&#13;\n<\/p>\n<p style=\"text-align:justify\">A Conab informou que \u201capesar de mais atrasadas, s\u00e3o as lavouras semeadas em julho que apresentam as melhores condi\u00e7\u00f5es\u201d. Segundo a companhia, \u201cas condi\u00e7\u00f5es meteorol\u00f3gicas, com volumes pluviom\u00e9tricos menores e chuvas menos intensas e temperaturas baixas, favoreceram o perfilhamento e a manuten\u00e7\u00e3o da sanidade das plantas\u201d.<\/p>\n<p style=\"text-align:justify\">Nas lavouras semeadas em maio e junho, a Conab registrou que \u201cas chuvas torrenciais e volumosas, aliadas \u00e0 nebulosidade alta, causaram a perda de fertilizantes por eros\u00e3o e percola\u00e7\u00e3o, bem como desenvolvimento inicial lento\u201d. \u201cEmbora o in\u00edcio do ciclo n\u00e3o tenha sido adequado, a melhora das condi\u00e7\u00f5es meteorol\u00f3gicas permitiu melhora visual das lavouras, e as expectativas de produtividade inicial ainda podem ser mantidas\u201d, avaliou.&#13;\n<\/p>\n<p style=\"text-align:justify\">A Conab apontou que \u201cas lavouras semeadas em maio (5%) alcan\u00e7am a fase reprodutiva durante agosto e, ao final de agosto, estavam no in\u00edcio do enchimento de gr\u00e3os\u201d. \u201cDas \u00e1reas semeadas em junho, as que foram semeadas mais cedo dentro do m\u00eas tamb\u00e9m j\u00e1 est\u00e3o na fase reprodutiva, mas no florescimento (totalizam 30% do total cultivado). O restante (65%) est\u00e1 no desenvolvimento vegetativo (perfilhamento, alongamento dos entren\u00f3s e emborrachamento)\u201d, detalhou a companhia.<\/p>\n<\/p><\/div>\n<\/p><\/div>\n<p><script data-cfasync=\"false\">\n    !function (f, b, e, v, n, t, s) {\n        if (f.fbq) return; n = f.fbq = function () {\n            n.callMethod ?\n                n.callMethod.apply(n, arguments) : n.queue.push(arguments)\n        };\n        if (!f._fbq) f._fbq = n; n.push = n; n.loaded = !0; n.version = '2.0';\n        n.queue = []; t = b.createElement(e); t.async = !0;\n        t.src = v; s = b.getElementsByTagName(e)[0];\n        s.parentNode.insertBefore(t, s)\n    }(window, document, 'script',\n        'https:\/\/connect.facebook.net\/en_US\/fbevents.js');\n    fbq('init', '522546078623747');\n    fbq('track', 'PageView');\n<\/script><br \/>\n<br \/><br \/>\n<br \/><a href=\"https:\/\/www.agrolink.com.br\/noticias\/rs--semeadura-do-triticale-encerra-em-julho_506102.html\">Source link <\/a><\/p>\n","protected":false},"excerpt":{"rendered":"<p>&#13; Chuvas intensas impactam triticale semeado em maio e junho&#13; &#13; Agrolink&#13; &#13; &#8211; Seane Lennon&#13; &#13; Publicado em 17\/09\/2025<\/p>\n","protected":false},"author":1,"featured_media":838,"comment_status":"open","ping_status":"open","sticky":false,"template":"","format":"standard","meta":{"_monsterinsights_skip_tracking":false,"_monsterinsights_sitenote_active":false,"_monsterinsights_sitenote_note":"","_monsterinsights_sitenote_category":0,"_uf_show_specific_survey":0,"_uf_disable_surveys":false,"footnotes":""},"categories":[8,1,14],"tags":[],"class_list":["post-20426","post","type-post","status-publish","format-standard","has-post-thumbnail","hentry","category-agro","category-news","category-politica-agro"],"_links":{"self":[{"href":"https:\/\/agromt.news\/index.php?rest_route=\/wp\/v2\/posts\/20426"}],"collection":[{"href":"https:\/\/agromt.news\/index.php?rest_route=\/wp\/v2\/posts"}],"about":[{"href":"https:\/\/agromt.news\/index.php?rest_route=\/wp\/v2\/types\/post"}],"author":[{"embeddable":true,"href":"https:\/\/agromt.news\/index.php?rest_route=\/wp\/v2\/users\/1"}],"replies":[{"embeddable":true,"href":"https:\/\/agromt.news\/index.php?rest_route=%2Fwp%2Fv2%2Fcomments&post=20426"}],"version-history":[{"count":0,"href":"https:\/\/agromt.news\/index.php?rest_route=\/wp\/v2\/posts\/20426\/revisions"}],"wp:featuredmedia":[{"embeddable":true,"href":"https:\/\/agromt.news\/index.php?rest_route=\/wp\/v2\/media\/838"}],"wp:attachment":[{"href":"https:\/\/agromt.news\/index.php?rest_route=%2Fwp%2Fv2%2Fmedia&parent=20426"}],"wp:term":[{"taxonomy":"category","embeddable":true,"href":"https:\/\/agromt.news\/index.php?rest_route=%2Fwp%2Fv2%2Fcategories&post=20426"},{"taxonomy":"post_tag","embeddable":true,"href":"https:\/\/agromt.news\/index.php?rest_route=%2Fwp%2Fv2%2Ftags&post=20426"}],"curies":[{"name":"wp","href":"https:\/\/api.w.org\/{rel}","templated":true}]}}