{"id":20424,"date":"2025-09-18T17:30:24","date_gmt":"2025-09-18T21:30:24","guid":{"rendered":"https:\/\/agromt.news\/?p=20424"},"modified":"2025-09-18T17:30:24","modified_gmt":"2025-09-18T21:30:24","slug":"ceara-sanciona-lei-que-zera-ultraprocessados-na-merenda-ate-2027","status":"publish","type":"post","link":"https:\/\/agromt.news\/?p=20424","title":{"rendered":"Cear\u00e1 sanciona lei que zera ultraprocessados na merenda at\u00e9 2027"},"content":{"rendered":"<p> <br \/>\n<br \/><img decoding=\"async\" src=\"https:\/\/agromt.news\/wp-content\/uploads\/2025\/09\/Ceara-sanciona-lei-que-zera-ultraprocessados-na-merenda-ate-2027.jpg\" \/><\/p>\n<div>\n<p>O governador do Cear\u00e1, Eumano de Freitas, sancionou nesta quinta-feira (18), a lei que pro\u00edbe alimentos ultraprocessados na merenda escolar do estado. A regra passa a valer para todas as escolas p\u00fablicas e tamb\u00e9m para as particulares.<\/p>\n<p>Segundo a lei, a retirada dos alimentos ultraprocessados dos card\u00e1pios escolares vai ser gradual. Em 2026, esse tipo de alimento ficar\u00e1 restrito a 10% de tudo o que \u00e9 servido aos estudantes. J\u00e1 em 2027 a meta \u00e9 zerar a presen\u00e7a desse tipo de produto da alimenta\u00e7\u00e3o dos alunos.<\/p>\n<p>A lei foi sancionada na abertura da 2\u00aa C\u00fapula da Coaliza\u00e7\u00e3o Global para Alimenta\u00e7\u00e3o Escolar, realizada em Fortaleza. O encontro re\u00fane representantes de mais de 80 pa\u00edses e, na abertura, contou com a presen\u00e7a do vice-presidente <strong><a href=\"https:\/\/www.canalrural.com.br\/tag\/geraldo-alckmin\/\">Geraldo Alckmin<\/a><\/strong>.<\/p>\n<p>Como em um ato simb\u00f3lico, o ministro da Educa\u00e7\u00e3o, Camilo Santana, e a diretora executiva do Programa Mundial de Alimentos, Cindy McCain, presentes na C\u00fapula, tamb\u00e9m assinaram a legisla\u00e7\u00e3o. Alckmin elogiou a medida, mas n\u00e3o sinalizou se o governo federal estuda adotar uma medida semelhante para o restante do pa\u00eds.<\/p>\n<h2 class=\"wp-block-heading\" id=\"h-limites-de-alimentos-ultraprocessados\">Limites de alimentos ultraprocessados<\/h2>\n<p>Em fevereiro deste ano, o governo federal reduziu de 20% para 15% o limite de alimentos processados e ultraprocessados que poder\u00e3o compor o card\u00e1pio das escolas p\u00fablicas brasileiras em 2025, por meio do Programa Nacional de Alimenta\u00e7\u00e3o Escolar (PNAE). <\/p>\n<p>O objetivo \u00e9 oferecer alimenta\u00e7\u00e3o mais saud\u00e1vel aos estudantes, priorizando alimentos mais nutritivos, produ\u00e7\u00e3o local e maior diversidade de cultura alimentar das regi\u00f5es do pa\u00eds.<\/p>\n<p>A determina\u00e7\u00e3o consta em uma resolu\u00e7\u00e3o do Fundo Nacional de Desenvolvimento da Educa\u00e7\u00e3o (FNDE), autarquia vinculada ao Minist\u00e9rio da Educa\u00e7\u00e3o (MEC), que \u00e9 respons\u00e1vel pelo PNAE e pelo repasse de recursos destinados a estados e munic\u00edpios para a merenda escolar. Em 2026, o limite de ultraprocessados na merenda ser\u00e1 reduzido para at\u00e9 10%.<\/p>\n<p>O programa atende 40 milh\u00f5es de crian\u00e7as e jovens em 150 mil escolas dos 5.570 munic\u00edpios do Brasil. S\u00e3o 50 milh\u00f5es de refei\u00e7\u00f5es di\u00e1rias e cerca de 10 bilh\u00f5es por ano, com custo anual de cerca de R$ 5,5 bilh\u00f5es.<\/p>\n<\/p><\/div>\n<p><br \/>\n<br \/><a href=\"https:\/\/www.canalrural.com.br\/diversos\/ceara-sanciona-lei-que-zera-ultraprocessados-na-merenda-ate-2027\/\">Source link <\/a><\/p>\n","protected":false},"excerpt":{"rendered":"<p>O governador do Cear\u00e1, Eumano de Freitas, sancionou nesta quinta-feira (18), a lei que pro\u00edbe alimentos ultraprocessados na merenda escolar<\/p>\n","protected":false},"author":1,"featured_media":20425,"comment_status":"open","ping_status":"open","sticky":false,"template":"","format":"standard","meta":{"_monsterinsights_skip_tracking":false,"_monsterinsights_sitenote_active":false,"_monsterinsights_sitenote_note":"","_monsterinsights_sitenote_category":0,"_uf_show_specific_survey":0,"_uf_disable_surveys":false,"footnotes":""},"categories":[1],"tags":[],"class_list":["post-20424","post","type-post","status-publish","format-standard","has-post-thumbnail","hentry","category-news"],"_links":{"self":[{"href":"https:\/\/agromt.news\/index.php?rest_route=\/wp\/v2\/posts\/20424"}],"collection":[{"href":"https:\/\/agromt.news\/index.php?rest_route=\/wp\/v2\/posts"}],"about":[{"href":"https:\/\/agromt.news\/index.php?rest_route=\/wp\/v2\/types\/post"}],"author":[{"embeddable":true,"href":"https:\/\/agromt.news\/index.php?rest_route=\/wp\/v2\/users\/1"}],"replies":[{"embeddable":true,"href":"https:\/\/agromt.news\/index.php?rest_route=%2Fwp%2Fv2%2Fcomments&post=20424"}],"version-history":[{"count":0,"href":"https:\/\/agromt.news\/index.php?rest_route=\/wp\/v2\/posts\/20424\/revisions"}],"wp:featuredmedia":[{"embeddable":true,"href":"https:\/\/agromt.news\/index.php?rest_route=\/wp\/v2\/media\/20425"}],"wp:attachment":[{"href":"https:\/\/agromt.news\/index.php?rest_route=%2Fwp%2Fv2%2Fmedia&parent=20424"}],"wp:term":[{"taxonomy":"category","embeddable":true,"href":"https:\/\/agromt.news\/index.php?rest_route=%2Fwp%2Fv2%2Fcategories&post=20424"},{"taxonomy":"post_tag","embeddable":true,"href":"https:\/\/agromt.news\/index.php?rest_route=%2Fwp%2Fv2%2Ftags&post=20424"}],"curies":[{"name":"wp","href":"https:\/\/api.w.org\/{rel}","templated":true}]}}