{"id":20423,"date":"2025-09-18T17:16:35","date_gmt":"2025-09-18T21:16:35","guid":{"rendered":"https:\/\/agromt.news\/?p=20423"},"modified":"2025-09-18T17:16:35","modified_gmt":"2025-09-18T21:16:35","slug":"sebrae-e-inpi-apresentam-propostas-para-agilizar-registros-de-ig","status":"publish","type":"post","link":"https:\/\/agromt.news\/?p=20423","title":{"rendered":"Sebrae e Inpi apresentam propostas para agilizar registros de IG"},"content":{"rendered":"<p> <br \/>\n<br \/><img decoding=\"async\" src=\"https:\/\/agromt.news\/wp-content\/uploads\/2025\/01\/Cracovia-de-Prudentopolis-conquista-Indicacao-Geografica.webp.webp\" \/><\/p>\n<div>\n<p>O Sebrae e o Instituto Nacional da Propriedade Industrial (Inpi) realizam, em 22 de setembro, um evento online para discutir propostas que podem transformar a forma como s\u00e3o feitos os pedidos de <a href=\"https:\/\/www.canalrural.com.br\/empreendedorismo\/producao-local-e-indicacoes-geograficas-fortalecem-o-campo-diz-bruno-quick\/\">Indica\u00e7\u00f5es Geogr\u00e1ficas<\/a> (IGs) no Brasil. Com isso, a expectativa \u00e9 reduzir prazos, simplificar etapas e oferecer mais transpar\u00eancia aos procedimentos, fortalecendo produtos regionais e impulsionando o desenvolvimento econ\u00f4mico local.<\/p>\n<p>Nos \u00faltimos quatro anos, o n\u00famero de pedidos de IG cresceu de forma consistente, com m\u00e9dia anual de 25 solicita\u00e7\u00f5es. Atualmente, o prazo m\u00e9dio para an\u00e1lise \u00e9 de cerca de um ano. Por essa raz\u00e3o, o INPI vai lan\u00e7ar uma consulta p\u00fablica sobre altera\u00e7\u00f5es na Portaria n\u00ba 04\/2022 e no Manual de IGs, buscando agilidade e moderniza\u00e7\u00e3o.<\/p>\n<h2 class=\"wp-block-heading has-medium-font-size\" id=\"h-propostas-e-participacao-do-publico\">Propostas e participa\u00e7\u00e3o do p\u00fablico<\/h2>\n<p>O evento ser\u00e1 dividido em tr\u00eas momentos. Primeiramente, o Inpi apresentar\u00e1 sugest\u00f5es, como reduzir o prazo de 60 dias para manifesta\u00e7\u00f5es contr\u00e1rias e iniciar a an\u00e1lise de m\u00e9rito e manifesta\u00e7\u00f5es de forma paralela. Em seguida, os participantes poder\u00e3o enviar suas contribui\u00e7\u00f5es e propor melhorias, tornando o processo ainda mais colaborativo.<\/p>\n<p>Por fim, o <a href=\"https:\/\/sebrae.com.br\/sites\/PortalSebrae\/sebraeaz\/indicacoes-geograficas-brasileiras,8a47d106b5562510VgnVCM1000004c00210aRCRD\">Sebrae<\/a> apresentar\u00e1 seu planejamento estrat\u00e9gico para 2026 e detalhar\u00e1 o suporte oferecido aos produtores interessados em registrar IGs. Esse apoio inclui o preparo da documenta\u00e7\u00e3o, a identifica\u00e7\u00e3o das singularidades regionais e a orienta\u00e7\u00e3o para a constru\u00e7\u00e3o de pedidos bem estruturados.<\/p>\n<p>\u201cSer\u00e1 um momento importante para regi\u00f5es interessadas em obter o selo de IG estruturarem pedidos consistentes\u201d, afirma Hulda Giesbrecht, do Sebrae.<\/p>\n<h2 class=\"wp-block-heading has-medium-font-size\" id=\"h-voce-sabe-o-que-e-indicacao-geografica\">Voc\u00ea sabe o que \u00e9 Indica\u00e7\u00e3o Geogr\u00e1fica?<\/h2>\n<p>Uma Indica\u00e7\u00e3o Geogr\u00e1fica \u00e9 um selo de propriedade intelectual que associa produtos e servi\u00e7os \u00e0 sua origem e \u00e0s caracter\u00edsticas \u00fanicas daquela regi\u00e3o. Dessa forma, o reconhecimento agrega valor, credibilidade e competitividade, fortalecendo a economia local e promovendo o desenvolvimento regional.<\/p>\n<p>Al\u00e9m disso, at\u00e9 dezembro de 2024, o Brasil somava 125 IGs registradas, incluindo o mel do Vale do Para\u00edba (SP), reconhecido em agosto. <\/p>\n<\/p><\/div>\n<p><br \/>\n<br \/><a href=\"https:\/\/www.canalrural.com.br\/empreendedorismo\/sebrae-e-inpi-apresentam-propostas-para-agilizar-registros-de-ig\/\">Source link <\/a><\/p>\n","protected":false},"excerpt":{"rendered":"<p>O Sebrae e o Instituto Nacional da Propriedade Industrial (Inpi) realizam, em 22 de setembro, um evento online para discutir<\/p>\n","protected":false},"author":1,"featured_media":8416,"comment_status":"open","ping_status":"open","sticky":false,"template":"","format":"standard","meta":{"_monsterinsights_skip_tracking":false,"_monsterinsights_sitenote_active":false,"_monsterinsights_sitenote_note":"","_monsterinsights_sitenote_category":0,"_uf_show_specific_survey":0,"_uf_disable_surveys":false,"footnotes":""},"categories":[1],"tags":[],"class_list":["post-20423","post","type-post","status-publish","format-standard","has-post-thumbnail","hentry","category-news"],"_links":{"self":[{"href":"https:\/\/agromt.news\/index.php?rest_route=\/wp\/v2\/posts\/20423"}],"collection":[{"href":"https:\/\/agromt.news\/index.php?rest_route=\/wp\/v2\/posts"}],"about":[{"href":"https:\/\/agromt.news\/index.php?rest_route=\/wp\/v2\/types\/post"}],"author":[{"embeddable":true,"href":"https:\/\/agromt.news\/index.php?rest_route=\/wp\/v2\/users\/1"}],"replies":[{"embeddable":true,"href":"https:\/\/agromt.news\/index.php?rest_route=%2Fwp%2Fv2%2Fcomments&post=20423"}],"version-history":[{"count":0,"href":"https:\/\/agromt.news\/index.php?rest_route=\/wp\/v2\/posts\/20423\/revisions"}],"wp:featuredmedia":[{"embeddable":true,"href":"https:\/\/agromt.news\/index.php?rest_route=\/wp\/v2\/media\/8416"}],"wp:attachment":[{"href":"https:\/\/agromt.news\/index.php?rest_route=%2Fwp%2Fv2%2Fmedia&parent=20423"}],"wp:term":[{"taxonomy":"category","embeddable":true,"href":"https:\/\/agromt.news\/index.php?rest_route=%2Fwp%2Fv2%2Fcategories&post=20423"},{"taxonomy":"post_tag","embeddable":true,"href":"https:\/\/agromt.news\/index.php?rest_route=%2Fwp%2Fv2%2Ftags&post=20423"}],"curies":[{"name":"wp","href":"https:\/\/api.w.org\/{rel}","templated":true}]}}