{"id":20411,"date":"2025-09-18T14:54:44","date_gmt":"2025-09-18T18:54:44","guid":{"rendered":"https:\/\/agromt.news\/?p=20411"},"modified":"2025-09-18T14:54:44","modified_gmt":"2025-09-18T18:54:44","slug":"exportacoes-do-es-tem-queda-de-16-nos-primeiros-oito-meses-de-2025","status":"publish","type":"post","link":"https:\/\/agromt.news\/?p=20411","title":{"rendered":"Exporta\u00e7\u00f5es do ES t\u00eam queda de 1,6% nos primeiros oito meses de 2025"},"content":{"rendered":"<p> <br \/>\n<\/p>\n<div>\n<p>As exporta\u00e7\u00f5es do agroneg\u00f3cio do <strong><a href=\"https:\/\/www.canalrural.com.br\/tag\/espirito-santo\/\">Esp\u00edrito Santo<\/a><\/strong> somaram R$ 11,3 bilh\u00f5es no acumulado de janeiro a agosto de 2025. O resultado representa uma leve retra\u00e7\u00e3o de 1,6% em divisas frente ao mesmo per\u00edodo do ano anterior.<\/p>\n<p>Em volume, os embarques totalizaram 1,6 milh\u00e3o de toneladas, queda de 4,4% ante o mesmo per\u00edodo do ano anterior (1,7 milh\u00e3o de toneladas).<\/p>\n<p>No ranking dos principais produtos em gera\u00e7\u00e3o de divisas, destacam-se:<\/p>\n<ul class=\"wp-block-list\">\n<li><strong><a href=\"https:\/\/www.canalrural.com.br\/tag\/cafe\/\">Caf\u00e9:<\/a><\/strong> responde por mais da metade da pauta, com 52,9%, equivalente a US$ 1,1 bilh\u00e3o;<\/li>\n<li><strong>Celulose: <\/strong>29,3% (US$620,2 milh\u00f5es);<\/li>\n<li><strong>Pimenta-do-reino:<\/strong> 11, 3% (US$239 milh\u00f5es)<\/li>\n<\/ul>\n<p>O Esp\u00edrito Santo continua sendo o maior exportador de caf\u00e9 conilon, com 77% das exporta\u00e7\u00f5es nacionais, de <a href=\"https:\/\/www.canalrural.com.br\/?s=gengibre\">gengibre<\/a> (60%), pimenta-do-reino (67%) e <a href=\"https:\/\/www.canalrural.com.br\/?s=mam%C3%A3o\">mam\u00e3o<\/a> (41%), com ampla lideran\u00e7a nesses segmentos no acumulado do ano at\u00e9 agosto. <\/p>\n<p>Nesse per\u00edodo, o agroneg\u00f3cio representou 32,5% das exporta\u00e7\u00f5es totais do Estado. Os produtos do agro chegaram a 125 pa\u00edses em oito meses, sendo os Estados Unidos respons\u00e1veis por 22,2% das divisas (US$ 468,7 mi), Turquia com 7,1% (US$ 150,1 mi) e China com 6,2% (US$ 131,5 mi).<\/p>\n<h2 class=\"wp-block-heading\" id=\"h-pimenta-do-reino-em-destaque\">Pimenta-do-reino em destaque<\/h2>\n<p>O grande destaque nos primeiros oito meses do ano foi a pimenta-do-reino, com crescimento em gera\u00e7\u00e3o de divisas de <strong>125%<\/strong> em rela\u00e7\u00e3o a igual per\u00edodo de 2024. Destacaram-se ainda nas vendas internacionais caf\u00e9 sol\u00favel (+64%), carne bovina (+29%) e mam\u00e3o (+21%).<\/p>\n<p>Apesar da expans\u00e3o registrada em diversos produtos, a leve retra\u00e7\u00e3o geral em volume e gera\u00e7\u00e3o de divisas foi determinada principalmente pelo caf\u00e9, destaque de exporta\u00e7\u00f5es do agro capixaba. <\/p>\n<p>\u201c[\u2026] a pequena queda em volume e valor das exporta\u00e7\u00f5es ocorreram devido ao caf\u00e9 gr\u00e3o cru, onde houve antecipa\u00e7\u00e3o do volume de compras em 2024 para esse ano de 2025 em face da possibilidade de entrar em vigor a legisla\u00e7\u00e3o da Uni\u00e3o Europeia (EUDR)\u201d, comentou o secret\u00e1rio de Estado da Agricultura, Enio Bergoli.<\/p>\n<h2 class=\"wp-block-heading\" id=\"h-efeitos-do-tarifaco-dos-eu-a\"><strong>Efeitos do tarifa\u00e7o dos EU<\/strong>A<\/h2>\n<figure class=\"wp-block-image size-large\"><img fetchpriority=\"high\" decoding=\"async\" width=\"1024\" height=\"683\" src=\"https:\/\/agromt.news\/wp-content\/uploads\/2025\/09\/Exportacoes-do-ES-tem-queda-de-16-nos-primeiros-oito.jpg\" alt=\"Donald Trump tarifas\" class=\"wp-image-4115503\"  \/><figcaption class=\"wp-element-caption\">Foto: Divulga\u00e7\u00e3o Casa Branca<\/figcaption><\/figure>\n<p>O segmento de <strong><a href=\"https:\/\/www.canalrural.com.br\/tag\/ovos\/\">ovos<\/a><\/strong>, que havia conquistado espa\u00e7o no mercado norte-americano ap\u00f3s a crise da gripe avi\u00e1ria, praticamente teve as exporta\u00e7\u00f5es paralisadas com a imposi\u00e7\u00e3o da nova barreira tarif\u00e1ria.<\/p>\n<p>Em julho, foram exportadas 1.090 toneladas para os Estados Unidos, n\u00famero que caiu para apenas 99 toneladas em agosto (queda de <strong>99,9%<\/strong>). Para outros mercados, a queda foi de 23,5%, reduzindo de 4,3 para 3,3 toneladas.<\/p>\n<p>Praticamente todas as vendas externas estavam concentradas nos Estados Unidos.<\/p>\n<p>O gengibre tamb\u00e9m foi bastante afetado. Em julho, o Esp\u00edrito Santo exportou US$ 4,4 milh\u00f5es (3,1 mil toneladas) para todos os pa\u00edses, com exce\u00e7\u00e3o dos EUA. J\u00e1 em agosto, as vendas ca\u00edram para US$ 3,5 milh\u00f5es (-20,5%) e 2,5 mil toneladas (-19%).<\/p>\n<p>Para os EUA, a queda foi ainda mais forte: de US$ 2 milh\u00f5es (1,5 mil toneladas) em julho para US$ 1,1 milh\u00e3o (1 mil toneladas), uma retra\u00e7\u00e3o de 33% no volume e 45% no valor. Cerca de 40% das vendas externas foram para os Estados Unidos.<\/p>\n<p>O caf\u00e9 em gr\u00e3o passou de 13,9 mil toneladas (US$ 77,6 milh\u00f5es)<strong> <\/strong>em julho, para 8,6 mil toneladas (US$ 51,9 milh\u00f5es) em agosto, queda de 37,6% em volume e 33,2% em valor (considerando todos os pa\u00edses, com exce\u00e7\u00e3o dos EUA).<\/p>\n<p>Especificamente para os Estados Unidos, exportaram 2,1 mil toneladas em julho (US$ 10,2 milh\u00f5es). Em agosto houve queda para 1,7 mil toneladas (-19%) e US$ 7,3 milh\u00f5es (-28,4%). A exposi\u00e7\u00e3o direta aos EUA, por\u00e9m, \u00e9 pequena, cerca de 6%.<\/p>\n<p>O caf\u00e9 sol\u00favel, diferente dos demais, apresentou crescimento. Em julho foram US$ 9,9 milh\u00f5es (0,8 mil toneladas), e em agosto US$ 14,9 milh\u00f5es (+50,5%) e 1,2 mil toneladas, alta de 50% (considerando todos os pa\u00edses, com exce\u00e7\u00e3o dos EUA).<\/p>\n<p>Para os Estados Unidos, as vendas ficaram est\u00e1veis em agosto, apesar do tarifa\u00e7o, com 0,5 mil toneladas e US$ 6,3 milh\u00f5es. Vale lembrar que os EUA representam cerca de 30% das vendas externas.<\/p>\n<p>A pimenta-do-reino, em julho, faturou US$ 15,3 milh\u00f5es (2,4 mil toneladas), subindo para US$ 21,8 milh\u00f5es (4 mil toneladas) em agosto, avan\u00e7o de 42,5% em valor e 66,7% em volume (considerando todos os pa\u00edses, incluindo os EUA). <\/p>\n<p>As vendas diretas para os Estados Unidos s\u00e3o irris\u00f3rias, ou seja, menos de 1% \u00e9 exportada diretamente, mas a maior parte entra no mercado americano de forma indireta.<\/p>\n<p>O mam\u00e3o teve crescimento nos embarques, de US$ 2,3 milh\u00f5es (1,8 mil toneladas) em julho para US$ 2,7 milh\u00f5es (1,7 mil toneladas) em agosto (considerando todos os pa\u00edses, com exce\u00e7\u00e3o dos EUA).<\/p>\n<p>A alta foi de 18,8% em divisas, embora com pequena redu\u00e7\u00e3o de 2,9% em volume. Para os EUA, houve alta de volume, cerca de 18,7%, mas registrou queda de receita, cerca de 14,3%. Vale destacar que aproximadamente 11% das vendas v\u00e3o para o mercado norte-americano.<\/p>\n<p>Outro setor em alerta \u00e9 o de pescados, que enfrenta forte retra\u00e7\u00e3o em raz\u00e3o das tarifas norte-americanas. Em julho, o Esp\u00edrito Santo exportou US$ 673,8 mil (69,7 mil kg), mas em agosto os embarques ca\u00edram para US$ 294,9 mil (40,6 mil kg), uma redu\u00e7\u00e3o de <strong>56,2%<\/strong> em valor e 41,8% em volume.<\/p>\n<p>Al\u00e9m disso, ressalta-se que <strong>98%<\/strong> das vendas externas s\u00e3o para o mercado norte americano.<\/p>\n<p>\u201cAs exporta\u00e7\u00f5es de ovos, gengibre e pescados foram as mais prejudicadas no m\u00eas de agosto em rela\u00e7\u00e3o a julho deste ano. O setor de ovos praticamente estagnou com a nova barreira tarif\u00e1ria [\u2026]\u201d, destaca Bergoli.\u00a0<\/p>\n<p>O secret\u00e1rio tamb\u00e9m explica que o gengibre sofreu uma redu\u00e7\u00e3o de vendas expressiva em agosto;<strong> <\/strong>as exporta\u00e7\u00f5es de pescados, com os Estados Unidos como principal mercado deste segmento, n\u00e3o suportou a amplia\u00e7\u00e3o da tarifa imposta de 50%, com queda significativa de 41%.\u00a0<\/p>\n<h2 class=\"wp-block-heading\" id=\"h-medidas-preventivas-do-governo-estadua-l\"><strong>Medidas preventivas do governo estadua<\/strong>l<\/h2>\n<p>Diante desse cen\u00e1rio, o governo do Esp\u00edrito Santo estabeleceu um Comit\u00ea de Enfrentamento das Consequ\u00eancias do Aumento das Tarifas de Importa\u00e7\u00e3o (Cetax), coordenado pelo vice-governador do Estado, Ricardo Ferra\u00e7o.<\/p>\n<p>Entre as medidas j\u00e1 definidas, foi aprovada a Lei 595\/2025, que autoriza oficialmente a transfer\u00eancia de cr\u00e9ditos acumulados de Imposto sobre Circula\u00e7\u00e3o de Mercadorias e Servi\u00e7os (<a href=\"https:\/\/www.canalrural.com.br\/?s=icms\">ICMS<\/a>) para os setores produtivos mais afetados. <\/p>\n<p>Espera-se que por meio dessa lei sejam liberados cerca de R$ 100 milh\u00f5es em cr\u00e9ditos, beneficiando segmentos como rochas ornamentais, pescados e crust\u00e1ceos, pimenta-do-reino, mam\u00e3o e gengibre.<\/p>\n<p>A nova legisla\u00e7\u00e3o tamb\u00e9m abre espa\u00e7o para programas de financiamento espec\u00edficos para as empresas exportadoras atingidas, com crit\u00e9rios a serem definidos pela Secretaria de Fazenda.<\/p>\n<p>Tamb\u00e9m est\u00e1 prevista a cria\u00e7\u00e3o de uma linha de cr\u00e9dito subsidiada com dota\u00e7\u00e3o inicial de R$60 milh\u00f5es, voltada para o capital de giro das exportadoras. <\/p>\n<p>O governador do Estado, Renato Casagrande, anunciou que o Banco de Desenvolvimento do Esp\u00edrito Santo (Bandes) far\u00e1 a suspens\u00e3o tempor\u00e1ria das presta\u00e7\u00f5es de financiamento por at\u00e9 seis meses. <\/p>\n<p>Al\u00e9m disso, o banco disponibilizar\u00e1 linhas de cr\u00e9dito para capital de giro e exporta\u00e7\u00e3o, visando mitigar os efeitos de curto prazo no fluxo de caixa das empresas e para que a perda de receitas seja parcialmente suprida, garantindo equil\u00edbrio financeiro e manuten\u00e7\u00e3o de suas atividades. <\/p>\n<p>Empresas capixabas com faturamento de at\u00e9 R$ 20 milh\u00f5es e que exportam produtos para os Estados Unidos ser\u00e3o eleg\u00edveis para a linha de cr\u00e9dito. A dota\u00e7\u00e3o inicial \u00e9 de R$ 60 milh\u00f5es.<\/p>\n<p>Foi aprovada ainda, a Lei de Compras Institucionais dos Produtos da Agricultura Familiar, que determina que pelo menos 30% dos recursos destinados \u00e0s aquisi\u00e7\u00f5es de g\u00eaneros aliment\u00edcios pelos \u00f3rg\u00e3os p\u00fablicos estaduais sejam aplicados em produtos da agricultura familiar. <\/p>\n<p>A expectativa \u00e9 dobrar em quatro anos o valor dessas compras, passando de cerca de R$ 50 milh\u00f5es para R$ 100 milh\u00f5es anuais, fortalecendo produtores rurais, associa\u00e7\u00f5es e cooperativas, em especial comunidades tradicionais, assentamentos, grupos de mulheres e jovens.<\/p>\n<p>Al\u00e9m das medidas anunciadas, o estado segue articulando com o Governo Federal, com o envio de informa\u00e7\u00f5es detalhadas sobre a realidade de cada segmento, para subsidiar as negocia\u00e7\u00f5es diplom\u00e1ticas entre Brasil, Estados Unidos e outros pa\u00edses para onde se destinam as exporta\u00e7\u00f5es do Esp\u00edrito Santo.<\/p>\n<p><em>*Sob supervis\u00e3o de Victor Faverin<\/em><\/p>\n<\/p><\/div>\n<p><br \/>\n<br \/><a href=\"https:\/\/www.canalrural.com.br\/agricultura\/exportacoes-do-es-tem-queda-de-16-nos-primeiros-oito-meses-de-2025\/\">Source link <\/a><\/p>\n","protected":false},"excerpt":{"rendered":"<p>As exporta\u00e7\u00f5es do agroneg\u00f3cio do Esp\u00edrito Santo somaram R$ 11,3 bilh\u00f5es no acumulado de janeiro a agosto de 2025. O<\/p>\n","protected":false},"author":1,"featured_media":19626,"comment_status":"open","ping_status":"open","sticky":false,"template":"","format":"standard","meta":{"_monsterinsights_skip_tracking":false,"_monsterinsights_sitenote_active":false,"_monsterinsights_sitenote_note":"","_monsterinsights_sitenote_category":0,"_uf_show_specific_survey":0,"_uf_disable_surveys":false,"footnotes":""},"categories":[1],"tags":[],"class_list":["post-20411","post","type-post","status-publish","format-standard","has-post-thumbnail","hentry","category-news"],"_links":{"self":[{"href":"https:\/\/agromt.news\/index.php?rest_route=\/wp\/v2\/posts\/20411"}],"collection":[{"href":"https:\/\/agromt.news\/index.php?rest_route=\/wp\/v2\/posts"}],"about":[{"href":"https:\/\/agromt.news\/index.php?rest_route=\/wp\/v2\/types\/post"}],"author":[{"embeddable":true,"href":"https:\/\/agromt.news\/index.php?rest_route=\/wp\/v2\/users\/1"}],"replies":[{"embeddable":true,"href":"https:\/\/agromt.news\/index.php?rest_route=%2Fwp%2Fv2%2Fcomments&post=20411"}],"version-history":[{"count":0,"href":"https:\/\/agromt.news\/index.php?rest_route=\/wp\/v2\/posts\/20411\/revisions"}],"wp:featuredmedia":[{"embeddable":true,"href":"https:\/\/agromt.news\/index.php?rest_route=\/wp\/v2\/media\/19626"}],"wp:attachment":[{"href":"https:\/\/agromt.news\/index.php?rest_route=%2Fwp%2Fv2%2Fmedia&parent=20411"}],"wp:term":[{"taxonomy":"category","embeddable":true,"href":"https:\/\/agromt.news\/index.php?rest_route=%2Fwp%2Fv2%2Fcategories&post=20411"},{"taxonomy":"post_tag","embeddable":true,"href":"https:\/\/agromt.news\/index.php?rest_route=%2Fwp%2Fv2%2Ftags&post=20411"}],"curies":[{"name":"wp","href":"https:\/\/api.w.org\/{rel}","templated":true}]}}