{"id":20406,"date":"2025-09-18T13:40:52","date_gmt":"2025-09-18T17:40:52","guid":{"rendered":"https:\/\/agromt.news\/?p=20406"},"modified":"2025-09-18T13:40:52","modified_gmt":"2025-09-18T17:40:52","slug":"efeito-do-tarifaco-visto-em-agosto-tende-a-diminuir-nos-proximos-meses-diz-fgv","status":"publish","type":"post","link":"https:\/\/agromt.news\/?p=20406","title":{"rendered":"Efeito do tarifa\u00e7o visto em agosto tende a diminuir nos pr\u00f3ximos meses, diz FGV"},"content":{"rendered":"<p> <br \/>\n<br \/><img decoding=\"async\" src=\"https:\/\/agromt.news\/wp-content\/uploads\/2025\/04\/Exportacoes-agropecuarias-aumentaram-46-no-primeiro-trimestre.jpg\" \/><\/p>\n<div>\n<p>O tarifa\u00e7o aplicado pelo presidente dos Estados Unidos, Donald Trump, sobre produtos brasileiros causou um impacto negativo na balan\u00e7a comercial em agosto, mas esse efeito n\u00e3o deve se repetir com a mesma intensidade nos pr\u00f3ximos meses.<\/p>\n<p>A avalia\u00e7\u00e3o \u00e9 do relat\u00f3rio do Indicador de Com\u00e9rcio Exterior (Icomex) divulgado nesta quinta-feira (18), pelo Instituto Brasileiro de Economia da Funda\u00e7\u00e3o Getulio Vargas (Ibre\/FGV).<\/p>\n<p>Os dados mostram que houve certa compensa\u00e7\u00e3o, a partir da destina\u00e7\u00e3o para outros mercados de produtos que antes eram exportados aos <a href=\"https:\/\/www.canalrural.com.br\/diversos\/efeito-do-tarifaco-visto-em-agosto-tende-a-diminuir-nos-proximos-meses-diz-fgv\/_wp_link_placeholder\" data-wplink-edit=\"true\"><strong>Estados Unidos<\/strong><\/a>. Al\u00e9m disso, \u00e9 esperada uma normaliza\u00e7\u00e3o no n\u00edvel de trocas comerciais, com espa\u00e7o ainda para negocia\u00e7\u00e3o entre os dois pa\u00edses.<\/p>\n<p>\u201cNa compara\u00e7\u00e3o dos produtos que n\u00e3o foram isentos, foi observado que em v\u00e1rios casos houve queda de exporta\u00e7\u00e3o para os Estados Unidos e aumento para o resto do mundo\u201d, frisou o relat\u00f3rio do Icomex.<\/p>\n<h2>Balan\u00e7a comercial<\/h2>\n<p>A FGV afirmou ter mantido sua previs\u00e3o de que a balan\u00e7a comercial brasileira encerre 2025 com um super\u00e1vit entre US$ 62 bilh\u00f5es e US$ 65 bilh\u00f5es.<\/p>\n<p>No acumulado do ano at\u00e9 agosto, houve piora no desempenho das trocas comerciais do Brasil com os Estados Unidos. Assim, o d\u00e9ficit brasileiro aumentou para US$ 3,4 bilh\u00f5es.<\/p>\n<p>\u201cNo entanto, o tarifa\u00e7o de Trump para o Brasil \u00e9 motivado principalmente por quest\u00f5es de ordem pol\u00edtica, havendo alguma possibilidade de negocia\u00e7\u00e3o\u201d, ponderou a FGV.<\/p>\n<p>Em agosto de 2025 ante o mesmo m\u00eas de 2024, quando entrou em vigor o tarifa\u00e7o de Trump, o volume exportado pelo Brasil para os Estados Unidos diminuiu <strong>15,4%<\/strong>, mas cresceu 34,6% para a China e 45,7% para a Argentina.<\/p>\n<h5 class=\"western\"><span style=\"color: #000000;\"><span style=\"font-family: Arial, sans-serif;\"><span style=\"font-size: x-large;\"><i>Veja em primeira m\u00e3o tudo sobre agricultura, pecu\u00e1ria, economia e previs\u00e3o do tempo:<\/i><\/span><\/span><\/span><a href=\"https:\/\/news.google.com\/publications\/CAAqBwgKMPKZlQswq_mqAw?hl=pt-BR&amp;gl=BR&amp;ceid=BR%3Apt-419\" target=\"_blank\" rel=\"noopener\"><span style=\"color: #1155cc;\"><span style=\"font-family: Arial, Helvetica, sans-serif;\">\u00a0<\/span><\/span><span style=\"color: #1155cc;\"><span style=\"font-family: Arial, sans-serif;\"><span style=\"font-size: x-large;\"><i>siga o Canal Rural no Google News!<\/i><\/span><\/span><\/span><\/a><\/h5>\n<p>\u201cAs manufaturas, que em princ\u00edpio se considera de forma geral mais dif\u00edcil diversificar, encontraram compensa\u00e7\u00f5es para as perdas nos Estados Unidos. Como muitas ind\u00fastrias de manufaturas do Brasil pertencem a multinacionais, estrat\u00e9gias de diversifica\u00e7\u00e3o s\u00e3o poss\u00edveis de serem implementadas\u201d, avaliou a FGV.<\/p>\n<p>\u201cEm n\u00edvel macro, \u00e9 preciso agora observar se a retra\u00e7\u00e3o de agosto \u00e9 uma consequ\u00eancia da antecipa\u00e7\u00e3o de alguns segmentos e produtos ou se vai perdurar, levando a uma trajet\u00f3ria descendente do volume exportado para os Estados Unidos. Achamos pouco prov\u00e1vel esse cen\u00e1rio. O n\u00edvel de exporta\u00e7\u00f5es pode mudar, mas alguma retomada e estabilidade s\u00e3o esperadas.\u201d<\/p>\n<p>A balan\u00e7a comercial brasileira registrou um super\u00e1vit de US$ 6,1 bilh\u00f5es em agosto, ante um resultado de US$ 4,5 bilh\u00f5es em agosto de 2024. No acumulado de janeiro a agosto, o super\u00e1vit alcan\u00e7ou US$ 42,8 bilh\u00f5es em 2025, ante US$ 53,6 bilh\u00f5es no mesmo per\u00edodo de 2024.<\/p>\n<p>\u201cAs perspectivas para os pr\u00f3ximos meses, se n\u00e3o surgirem novas surpresas por parte do governo Trump, \u00e9 de uma poss\u00edvel desacelera\u00e7\u00e3o no crescimento das exporta\u00e7\u00f5es e das importa\u00e7\u00f5es\u201d, apontou a FGV, lembrando a exist\u00eancia de risco de novas tarifas, mas apenas para o final do ano.<\/p>\n<p>\u201cO esfor\u00e7o de diversifica\u00e7\u00e3o do mercado continua na agenda e deve se manter o canal aberto para as negocia\u00e7\u00f5es de car\u00e1ter t\u00e9cnico. Por \u00faltimo, o risco de aumento da vulnerabilidade externa via conta corrente parece pouco prov\u00e1vel com a manuten\u00e7\u00e3o da taxa de juros do Brasil, a queda da taxa de juros nos Estados Unidos e perspectivas positivas para a entrada de capital estrangeiro\u201d, concluiu.<\/p>\n<\/p><\/div>\n<p><br \/>\n<br \/><a href=\"https:\/\/www.canalrural.com.br\/diversos\/efeito-do-tarifaco-visto-em-agosto-tende-a-diminuir-nos-proximos-meses-diz-fgv\/\">Source link <\/a><\/p>\n","protected":false},"excerpt":{"rendered":"<p>O tarifa\u00e7o aplicado pelo presidente dos Estados Unidos, Donald Trump, sobre produtos brasileiros causou um impacto negativo na balan\u00e7a comercial<\/p>\n","protected":false},"author":1,"featured_media":11970,"comment_status":"open","ping_status":"open","sticky":false,"template":"","format":"standard","meta":{"_monsterinsights_skip_tracking":false,"_monsterinsights_sitenote_active":false,"_monsterinsights_sitenote_note":"","_monsterinsights_sitenote_category":0,"_uf_show_specific_survey":0,"_uf_disable_surveys":false,"footnotes":""},"categories":[1],"tags":[],"class_list":["post-20406","post","type-post","status-publish","format-standard","has-post-thumbnail","hentry","category-news"],"_links":{"self":[{"href":"https:\/\/agromt.news\/index.php?rest_route=\/wp\/v2\/posts\/20406"}],"collection":[{"href":"https:\/\/agromt.news\/index.php?rest_route=\/wp\/v2\/posts"}],"about":[{"href":"https:\/\/agromt.news\/index.php?rest_route=\/wp\/v2\/types\/post"}],"author":[{"embeddable":true,"href":"https:\/\/agromt.news\/index.php?rest_route=\/wp\/v2\/users\/1"}],"replies":[{"embeddable":true,"href":"https:\/\/agromt.news\/index.php?rest_route=%2Fwp%2Fv2%2Fcomments&post=20406"}],"version-history":[{"count":0,"href":"https:\/\/agromt.news\/index.php?rest_route=\/wp\/v2\/posts\/20406\/revisions"}],"wp:featuredmedia":[{"embeddable":true,"href":"https:\/\/agromt.news\/index.php?rest_route=\/wp\/v2\/media\/11970"}],"wp:attachment":[{"href":"https:\/\/agromt.news\/index.php?rest_route=%2Fwp%2Fv2%2Fmedia&parent=20406"}],"wp:term":[{"taxonomy":"category","embeddable":true,"href":"https:\/\/agromt.news\/index.php?rest_route=%2Fwp%2Fv2%2Fcategories&post=20406"},{"taxonomy":"post_tag","embeddable":true,"href":"https:\/\/agromt.news\/index.php?rest_route=%2Fwp%2Fv2%2Ftags&post=20406"}],"curies":[{"name":"wp","href":"https:\/\/api.w.org\/{rel}","templated":true}]}}