{"id":20400,"date":"2025-09-18T11:31:13","date_gmt":"2025-09-18T15:31:13","guid":{"rendered":"https:\/\/agromt.news\/?p=20400"},"modified":"2025-09-18T11:31:13","modified_gmt":"2025-09-18T15:31:13","slug":"no-cade-deputada-estadual-de-mt-critica-moratoria-da-soja","status":"publish","type":"post","link":"https:\/\/agromt.news\/?p=20400","title":{"rendered":"no Cade, deputada estadual de MT critica Morat\u00f3ria da Soja"},"content":{"rendered":"<p> <br \/>\n<br \/><img decoding=\"async\" src=\"https:\/\/agromt.news\/wp-content\/uploads\/2025\/04\/STF-autoriza-parcialmente-MT-a-aplicar-Moratoria-da-Soja.jpeg\" \/><\/p>\n<div>\n<p>A deputada estadual de Mato Grosso, Janaina Riva (MDB), defendeu, na \u00faltima ter\u00e7a-feira (16), durante reuni\u00e3o no Conselho Administrativo de Defesa Econ\u00f4mica (<a href=\"https:\/\/www.gov.br\/cade\/pt-br\/pagina-inicial\">Cade<\/a>), em Bras\u00edlia, o fim da Morat\u00f3ria da Soja. Segundo ela, esse \u00e9 um <a href=\"https:\/\/www.canalrural.com.br\/?s=Morat%C3%B3ria+da+Soja\">acordo <\/a>que limita a comercializa\u00e7\u00e3o do gr\u00e3o em determinadas regi\u00f5es, beneficia grandes empresas do setor e, ao mesmo tempo, prejudica pequenos e m\u00e9dios produtores.<\/p>\n<p>A equipe do <a href=\"https:\/\/www.canalrural.com.br\/agricultura\/projeto-soja-brasil\/\">Soja Brasil <\/a>entrou em contato com a assessoria da deputada, que disponibilizou um v\u00eddeo ao Soja News nesta quarta-feira (17). Confira:<\/p>\n<p><iframe title=\"Deputada estadual de MT defende o fim da Morat\u00f3ria da Soja\" width=\"800\" height=\"450\" src=\"https:\/\/www.youtube.com\/embed\/4NU-npAqw4A?feature=oembed\" frameborder=\"0\" allow=\"accelerometer; autoplay; clipboard-write; encrypted-media; gyroscope; picture-in-picture; web-share\" referrerpolicy=\"strict-origin-when-cross-origin\" allowfullscreen><\/iframe><noscript><iframe title=\"Deputada estadual de MT defende o fim da Morat\u00f3ria da Soja\" width=\"800\" height=\"450\" src=\"https:\/\/www.youtube.com\/embed\/4NU-npAqw4A?feature=oembed\" frameborder=\"0\" allow=\"accelerometer; autoplay; clipboard-write; encrypted-media; gyroscope; picture-in-picture; web-share\" referrerpolicy=\"strict-origin-when-cross-origin\" allowfullscreen><\/iframe><\/noscript><\/p>\n<ul class=\"wp-block-list\">\n<li><strong><em>Fique por dentro das novidades e not\u00edcias recentes sobre a soja! Participe da nossa comunidade atrav\u00e9s do\u00a0<a href=\"https:\/\/chat.whatsapp.com\/BmMRwA0TZ2DHGyhzoaVEWu\">link<\/a>! \ud83c\udf31<\/em><\/strong><\/li>\n<\/ul>\n<h3 class=\"wp-block-heading\" id=\"h-moratoria-da-soja-barreira-aos-sojicultores\">Morat\u00f3ria da Soja: barreira aos sojicultores<\/h3>\n<p>De acordo com Janaina, o acordo funciona como uma barreira que restringe a livre concorr\u00eancia. A deputada classificou a medida como \u201cirregular e ilegal\u201d, defendendo que seja anulada judicialmente e que haja responsabiliza\u00e7\u00e3o de quem estaria praticando atos contr\u00e1rios ao mercado aberto.<\/p>\n<p>Ela tamb\u00e9m destacou que a inseguran\u00e7a jur\u00eddica gerada pela morat\u00f3ria impacta diretamente os agricultores de menor porte, que t\u00eam menos condi\u00e7\u00f5es de se adaptar \u00e0s exig\u00eancias e de absorver os custos adicionais. \u201cO grande produtor n\u00e3o sente tanto o impacto, mas o pequeno acaba penalizado\u201d, afirmou.<\/p>\n<p>A den\u00fancia reacende o debate sobre os efeitos da morat\u00f3ria na competitividade do agroneg\u00f3cio brasileiro. Para Janaina, \u00e9 necess\u00e1rio rever o modelo, garantindo igualdade de condi\u00e7\u00f5es no mercado e evitando que medidas regulat\u00f3rias sejam usadas para favorecer apenas os grandes grupos do setor.<\/p>\n<\/p><\/div>\n<p><br \/>\n<br \/><a href=\"https:\/\/www.canalrural.com.br\/agricultura\/projeto-soja-brasil\/no-cade-deputada-estadual-de-mt-critica-moratoria-da-soja\/\">Source link <\/a><\/p>\n","protected":false},"excerpt":{"rendered":"<p>A deputada estadual de Mato Grosso, Janaina Riva (MDB), defendeu, na \u00faltima ter\u00e7a-feira (16), durante reuni\u00e3o no Conselho Administrativo de<\/p>\n","protected":false},"author":1,"featured_media":13031,"comment_status":"open","ping_status":"open","sticky":false,"template":"","format":"standard","meta":{"_monsterinsights_skip_tracking":false,"_monsterinsights_sitenote_active":false,"_monsterinsights_sitenote_note":"","_monsterinsights_sitenote_category":0,"_uf_show_specific_survey":0,"_uf_disable_surveys":false,"footnotes":""},"categories":[1],"tags":[],"class_list":["post-20400","post","type-post","status-publish","format-standard","has-post-thumbnail","hentry","category-news"],"_links":{"self":[{"href":"https:\/\/agromt.news\/index.php?rest_route=\/wp\/v2\/posts\/20400"}],"collection":[{"href":"https:\/\/agromt.news\/index.php?rest_route=\/wp\/v2\/posts"}],"about":[{"href":"https:\/\/agromt.news\/index.php?rest_route=\/wp\/v2\/types\/post"}],"author":[{"embeddable":true,"href":"https:\/\/agromt.news\/index.php?rest_route=\/wp\/v2\/users\/1"}],"replies":[{"embeddable":true,"href":"https:\/\/agromt.news\/index.php?rest_route=%2Fwp%2Fv2%2Fcomments&post=20400"}],"version-history":[{"count":0,"href":"https:\/\/agromt.news\/index.php?rest_route=\/wp\/v2\/posts\/20400\/revisions"}],"wp:featuredmedia":[{"embeddable":true,"href":"https:\/\/agromt.news\/index.php?rest_route=\/wp\/v2\/media\/13031"}],"wp:attachment":[{"href":"https:\/\/agromt.news\/index.php?rest_route=%2Fwp%2Fv2%2Fmedia&parent=20400"}],"wp:term":[{"taxonomy":"category","embeddable":true,"href":"https:\/\/agromt.news\/index.php?rest_route=%2Fwp%2Fv2%2Fcategories&post=20400"},{"taxonomy":"post_tag","embeddable":true,"href":"https:\/\/agromt.news\/index.php?rest_route=%2Fwp%2Fv2%2Ftags&post=20400"}],"curies":[{"name":"wp","href":"https:\/\/api.w.org\/{rel}","templated":true}]}}