{"id":20398,"date":"2025-09-18T11:17:10","date_gmt":"2025-09-18T15:17:10","guid":{"rendered":"https:\/\/agromt.news\/?p=20398"},"modified":"2025-09-18T11:17:10","modified_gmt":"2025-09-18T15:17:10","slug":"pre-plantio-de-soja-no-rs-presidente-da-aprosoja-comenta-expectativas-e-desafios-para-nova-safra","status":"publish","type":"post","link":"https:\/\/agromt.news\/?p=20398","title":{"rendered":"Pr\u00e9-plantio de soja no RS: presidente da Aprosoja comenta expectativas e desafios para nova safra"},"content":{"rendered":"<p> <br \/>\n<br \/><img decoding=\"async\" src=\"https:\/\/agromt.news\/wp-content\/uploads\/2024\/09\/Como-esta-o-inicio-do-plantio-da-soja-no-estado.jpg\" \/><\/p>\n<div>\n<p>O <a href=\"https:\/\/www.canalrural.com.br\/?s=vazio+sanit%C3%A1rio\">vazio sanit\u00e1rio<\/a>, per\u00edodo de proibi\u00e7\u00e3o do plantio de soja estabelecido pelo Minist\u00e9rio da Agricultura e Pecu\u00e1ria (<a href=\"https:\/\/www.gov.br\/agricultura\/pt-br\">Mapa<\/a>), j\u00e1 terminou em alguns estados do Brasil. A partir de agora, \u00e9 momento dos produtores entrarem em campo e renovarem as esperan\u00e7as para uma nova temporada. Por outro lado, alguns estados aguardam o calend\u00e1rio do Mapa para que possam iniciar a semeadura. <\/p>\n<ul class=\"wp-block-list\">\n<li><strong><em>Fique por dentro das novidades e not\u00edcias recentes sobre a soja! Participe da nossa comunidade atrav\u00e9s do\u00a0<a href=\"https:\/\/chat.whatsapp.com\/BmMRwA0TZ2DHGyhzoaVEWu\">link<\/a>! \ud83c\udf31<\/em><\/strong><\/li>\n<\/ul>\n<p>No estado do Rio Grande do Sul, por exemplo, o vazio sanit\u00e1rio se estende at\u00e9 30 de setembro, com a permiss\u00e3o de plantio de 1\u00ba de outubro a 28 de janeiro de 2026. O time do Soja Brasil bateu um papo com o presidente da Aprosoja RS, Ireneu Orth, que detalhou as expectativas para a nova safra. <\/p>\n<p>\u201cAt\u00e9 o momento, as condi\u00e7\u00f5es clim\u00e1ticas est\u00e3o favor\u00e1veis, com boa umidade e chuvas. Caso o plantio estivesse autorizado, seria poss\u00edvel dar in\u00edcio aos trabalhos normalmente, mas ainda estamos no per\u00edodo do vazio sanit\u00e1rio. Quanto ao otimismo, \u00e9 caracter\u00edstico do produtor rural manter a expectativa de que a pr\u00f3xima safra ser\u00e1 melhor que a anterior\u201d, explica o presidente.<\/p>\n<p>Segundo Ireneu, a expectativa existe, mas h\u00e1 incertezas. \u201dMuitos agricultores n\u00e3o ter\u00e3o acesso aos insumos ideais. Algumas \u00e1reas arrendadas, especialmente na metade sul do estado, deixar\u00e3o de ser cultivadas porque foram devolvidas aos propriet\u00e1rios. Outras ser\u00e3o plantadas com menor n\u00edvel tecnol\u00f3gico, utilizando sementes pr\u00f3prias e pouca aduba\u00e7\u00e3o\u201d, aponta.<\/p>\n<h3 class=\"wp-block-heading\" id=\"h-clima-nas-lavouras-de-soja\">Clima nas lavouras de soja <\/h3>\n<p>Em rela\u00e7\u00e3o \u00e0s condi\u00e7\u00f5es de clima e solo neste pr\u00e9-plantio, a situa\u00e7\u00e3o est\u00e1 adequada, mas os produtores demonstram maior cautela nesta safra, principalmente em raz\u00e3o das adversidades enfrentadas nos \u00faltimos anos. O excesso de chuvas segue como uma preocupa\u00e7\u00e3o, embora algumas regi\u00f5es, como o Planalto M\u00e9dio, tenham sido menos impactadas em compara\u00e7\u00e3o \u00e0 metade sul e \u00e0 regi\u00e3o das Miss\u00f5es.<\/p>\n<p>\u201cAlguns produtores manter\u00e3o o padr\u00e3o tecnol\u00f3gico, mas outros adotar\u00e3o pr\u00e1ticas menos avan\u00e7adas. Assim, mesmo com clima totalmente favor\u00e1vel, considero improv\u00e1vel que o estado registre uma grande safra. Al\u00e9m disso, a \u00e1rea plantada dever\u00e1 ser menor do que a do ano passado ou do que seria poss\u00edvel cultivar. Essa avalia\u00e7\u00e3o se aplica especificamente ao Rio Grande do Sul.\u201d<\/p>\n<h3 class=\"wp-block-heading\" id=\"h-perspectivas\">Perspectivas <\/h3>\n<p>Orth pontua que, em outros estados, o cen\u00e1rio \u00e9 diferente. Embora os pre\u00e7os das commodities pressionem todo o pa\u00eds, em n\u00edvel nacional a expectativa \u00e9 positiva, desde que o clima se mantenha dentro da normalidade. \u201dO avan\u00e7o tecnol\u00f3gico e o modelo de produ\u00e7\u00e3o no Centro-Oeste e no Matopiba sustentam perspectivas favor\u00e1veis. J\u00e1 no Rio Grande do Sul, mesmo com condi\u00e7\u00f5es clim\u00e1ticas adequadas, a proje\u00e7\u00e3o \u00e9 de uma safra mais ajustada\u201d, completa.<\/p>\n<\/p><\/div>\n<p><br \/>\n<br \/><a href=\"https:\/\/www.canalrural.com.br\/agricultura\/projeto-soja-brasil\/pre-plantio-de-soja-no-rs-presidente-da-aprosoja-comenta-expectativas-e-desafios-para-nova-safra\/\">Source link <\/a><\/p>\n","protected":false},"excerpt":{"rendered":"<p>O vazio sanit\u00e1rio, per\u00edodo de proibi\u00e7\u00e3o do plantio de soja estabelecido pelo Minist\u00e9rio da Agricultura e Pecu\u00e1ria (Mapa), j\u00e1 terminou<\/p>\n","protected":false},"author":1,"featured_media":20399,"comment_status":"open","ping_status":"open","sticky":false,"template":"","format":"standard","meta":{"_monsterinsights_skip_tracking":false,"_monsterinsights_sitenote_active":false,"_monsterinsights_sitenote_note":"","_monsterinsights_sitenote_category":0,"_uf_show_specific_survey":0,"_uf_disable_surveys":false,"footnotes":""},"categories":[1],"tags":[],"class_list":["post-20398","post","type-post","status-publish","format-standard","has-post-thumbnail","hentry","category-news"],"_links":{"self":[{"href":"https:\/\/agromt.news\/index.php?rest_route=\/wp\/v2\/posts\/20398"}],"collection":[{"href":"https:\/\/agromt.news\/index.php?rest_route=\/wp\/v2\/posts"}],"about":[{"href":"https:\/\/agromt.news\/index.php?rest_route=\/wp\/v2\/types\/post"}],"author":[{"embeddable":true,"href":"https:\/\/agromt.news\/index.php?rest_route=\/wp\/v2\/users\/1"}],"replies":[{"embeddable":true,"href":"https:\/\/agromt.news\/index.php?rest_route=%2Fwp%2Fv2%2Fcomments&post=20398"}],"version-history":[{"count":0,"href":"https:\/\/agromt.news\/index.php?rest_route=\/wp\/v2\/posts\/20398\/revisions"}],"wp:featuredmedia":[{"embeddable":true,"href":"https:\/\/agromt.news\/index.php?rest_route=\/wp\/v2\/media\/20399"}],"wp:attachment":[{"href":"https:\/\/agromt.news\/index.php?rest_route=%2Fwp%2Fv2%2Fmedia&parent=20398"}],"wp:term":[{"taxonomy":"category","embeddable":true,"href":"https:\/\/agromt.news\/index.php?rest_route=%2Fwp%2Fv2%2Fcategories&post=20398"},{"taxonomy":"post_tag","embeddable":true,"href":"https:\/\/agromt.news\/index.php?rest_route=%2Fwp%2Fv2%2Ftags&post=20398"}],"curies":[{"name":"wp","href":"https:\/\/api.w.org\/{rel}","templated":true}]}}