{"id":20397,"date":"2025-09-18T11:02:57","date_gmt":"2025-09-18T15:02:57","guid":{"rendered":"https:\/\/agromt.news\/?p=20397"},"modified":"2025-09-18T11:02:57","modified_gmt":"2025-09-18T15:02:57","slug":"ippa-sobe-28-em-agosto-e-acumula-alta-de-152-no-ano","status":"publish","type":"post","link":"https:\/\/agromt.news\/?p=20397","title":{"rendered":"IPPA sobe 2,8% em agosto e acumula alta de 15,2% no ano"},"content":{"rendered":"<p> <br \/>\n<br \/><img decoding=\"async\" src=\"https:\/\/agromt.news\/wp-content\/uploads\/2024\/09\/Cevada.jpg\" \/><\/p>\n<div>\n<p>Em agosto, o \u00cdndice de Pre\u00e7os ao Produtor de Grupos de Produtos Agropecu\u00e1rios (IPPA\/Cepea) subiu 2,8% em rela\u00e7\u00e3o ao m\u00eas anterior. Isso \u00e9 o que mostram os levantamentos do <a href=\"https:\/\/www.canalrural.com.br\/tag\/cepea\/\">Centro de Estudos Avan\u00e7ados em Economia Aplicada (Cepea).<\/a><\/p>\n<p>Segundo o instituto, esse desempenho refletiu os aumentos em todos os grupos acompanhados: de 1,5% para o IPPA-Gr\u00e3os, de 1,3% para o IPPA-Pecu\u00e1ria, de 24,4% para o IPPA Hortifrut\u00edcolas e de 4,9% no caso do IPPA-Cana-Caf\u00e9.<\/p>\n<p>Por outro lado, no mesmo per\u00edodo, o \u00cdndice de Pre\u00e7os por Atacado de Produtos Industriais (IPA-OG-DI), calculado pela FGV, registrou estabilidade (-0,1%). Assim, de julho para agosto, os pre\u00e7os agropecu\u00e1rios praticamente n\u00e3o registraram mudan\u00e7a em rela\u00e7\u00e3o aos valores industriais na economia brasileira.<\/p>\n<p>No cen\u00e1rio internacional, os pre\u00e7os dos alimentos convertidos em Reais recuaram 0,9%, reflexo da combina\u00e7\u00e3o de desvaloriza\u00e7\u00e3o do d\u00f3lar frente ao Real (-1,5%) e do aumento dos pre\u00e7os internacionais dos alimentos 0,6%).<\/p>\n<p>Comparando-se a parcial do ano com igual intervalo de 2024, ainda conforme levantamento do Cepea, o IPPA registrou expressivo avan\u00e7o de 15,2%, impulsionado pelas significativas altas nos grupos IPPA-Gr\u00e3os (6,6%), IPPA-Pecu\u00e1ria (24,5%) e IPPA-Cana-Caf\u00e9 (25,2%).<\/p>\n<p>J\u00e1 o IPPA-Hortifrut\u00edcolas caiu 14,1% no per\u00edodo. Ainda nessa base de compara\u00e7\u00e3o, o IPA-OG-DI teve alta de 4,5%, enquanto os pre\u00e7os internacionais dos alimentos convertidos em Reais subiram 9,3%, resultado da valoriza\u00e7\u00e3o de 9,4% do d\u00f3lar, mesmo perante o ligeiro recuo de 0,3% nos pre\u00e7os internacionais dos alimentos.<\/p>\n<p><em>*Sob supervis\u00e3o de Luis Roberto Toledo<\/em><\/p>\n<\/p><\/div>\n<p><br \/>\n<br \/><a href=\"https:\/\/www.canalrural.com.br\/agricultura\/ippa-sobe-28-em-agosto-e-acumula-alta-de-152-no-ano\/\">Source link <\/a><\/p>\n","protected":false},"excerpt":{"rendered":"<p>Em agosto, o \u00cdndice de Pre\u00e7os ao Produtor de Grupos de Produtos Agropecu\u00e1rios (IPPA\/Cepea) subiu 2,8% em rela\u00e7\u00e3o ao m\u00eas<\/p>\n","protected":false},"author":1,"featured_media":1767,"comment_status":"open","ping_status":"open","sticky":false,"template":"","format":"standard","meta":{"_monsterinsights_skip_tracking":false,"_monsterinsights_sitenote_active":false,"_monsterinsights_sitenote_note":"","_monsterinsights_sitenote_category":0,"_uf_show_specific_survey":0,"_uf_disable_surveys":false,"footnotes":""},"categories":[1],"tags":[],"class_list":["post-20397","post","type-post","status-publish","format-standard","has-post-thumbnail","hentry","category-news"],"_links":{"self":[{"href":"https:\/\/agromt.news\/index.php?rest_route=\/wp\/v2\/posts\/20397"}],"collection":[{"href":"https:\/\/agromt.news\/index.php?rest_route=\/wp\/v2\/posts"}],"about":[{"href":"https:\/\/agromt.news\/index.php?rest_route=\/wp\/v2\/types\/post"}],"author":[{"embeddable":true,"href":"https:\/\/agromt.news\/index.php?rest_route=\/wp\/v2\/users\/1"}],"replies":[{"embeddable":true,"href":"https:\/\/agromt.news\/index.php?rest_route=%2Fwp%2Fv2%2Fcomments&post=20397"}],"version-history":[{"count":0,"href":"https:\/\/agromt.news\/index.php?rest_route=\/wp\/v2\/posts\/20397\/revisions"}],"wp:featuredmedia":[{"embeddable":true,"href":"https:\/\/agromt.news\/index.php?rest_route=\/wp\/v2\/media\/1767"}],"wp:attachment":[{"href":"https:\/\/agromt.news\/index.php?rest_route=%2Fwp%2Fv2%2Fmedia&parent=20397"}],"wp:term":[{"taxonomy":"category","embeddable":true,"href":"https:\/\/agromt.news\/index.php?rest_route=%2Fwp%2Fv2%2Fcategories&post=20397"},{"taxonomy":"post_tag","embeddable":true,"href":"https:\/\/agromt.news\/index.php?rest_route=%2Fwp%2Fv2%2Ftags&post=20397"}],"curies":[{"name":"wp","href":"https:\/\/api.w.org\/{rel}","templated":true}]}}