{"id":20389,"date":"2025-09-18T08:55:37","date_gmt":"2025-09-18T12:55:37","guid":{"rendered":"https:\/\/agromt.news\/?p=20389"},"modified":"2025-09-18T08:55:37","modified_gmt":"2025-09-18T12:55:37","slug":"camara-aprova-urgencia-para-projeto-de-anistia","status":"publish","type":"post","link":"https:\/\/agromt.news\/?p=20389","title":{"rendered":"C\u00e2mara aprova urg\u00eancia para projeto de anistia\u00a0"},"content":{"rendered":"<p> <br \/>\n<\/p>\n<div>\n<p>O plen\u00e1rio da C\u00e2mara dos Deputados aprovou, na noite desta quarta-feira (17), um requerimento de urg\u00eancia em favor do Projeto de Lei (PL) 2162\/2023, que concede anistia aos envolvidos nos atos golpistas de 8 de janeiro de 2023. Foram 311 votos favor\u00e1veis, 163 contr\u00e1rios e 7 absten\u00e7\u00f5es.<\/p>\n<p>O resultado foi bastante comemorado por deputados a favor do projeto. Antes do encerramento da vota\u00e7\u00e3o, parlamentares contr\u00e1rios \u00e0 proposta gritaram palavras como \u201csem anistia\u201d.<\/p>\n<p>A decis\u00e3o de pautar a vota\u00e7\u00e3o foi tomada pelo presidente da C\u00e2mara, Hugo Motta (Republicanos-PB), ap\u00f3s reuni\u00e3o com l\u00edderes partid\u00e1rios ocorrida mais cedo.<\/p>\n<p>H\u00e1 dois anos e meio, apoiadores do ex-presidente Jair Bolsonaro depredaram as sedes dos Tr\u00eas Poderes por n\u00e3o aceitarem a elei\u00e7\u00e3o de Luiz In\u00e1cio Lula da Silva.<\/p>\n<p>O requerimento de urg\u00eancia acelera a tramita\u00e7\u00e3o da mat\u00e9ria, dispensando e reduzindo formalidades regimentais e prazos. Com isso, o texto poder\u00e1 ser votado diretamente em plen\u00e1rio em qualquer momento sem precisar passar pelas comiss\u00f5es. Ap\u00f3s anunciar o resultado, Motta afirmou que o pa\u00eds precisa ser pacificado.<\/p>\n<p>\u201cO Brasil precisa de pacifica\u00e7\u00e3o. N\u00e3o se trata de apagar o passado, mas de permitir que o presente seja reconciliado e o futuro constru\u00eddo em bases de di\u00e1logo e respeito. H\u00e1 temas urgentes a frente e o pa\u00eds precisa andar\u201d, disse.<\/p>\n<p>Motta informou que designar\u00e1 um relator para o projeto nesta quinta-feira (18), para que ele articule um texto substitutivo \u201cque encontre o apoio da maioria ampla da Casa\u201d.<\/p>\n<h2 class=\"wp-block-heading\" id=\"h-anistia\">Anistia<\/h2>\n<p>De autoria do deputado Marcelo Crivella (Republicanos-RJ), o projeto concede anistia \u201caos participantes das manifesta\u00e7\u00f5es reivindicat\u00f3rias de motiva\u00e7\u00e3o pol\u00edtica ocorridas entre o dia 30 de outubro de 2022 e a data de entrada em vigor da lei\u201d.<\/p>\n<p>Aliados de Bolsonaro defendem que a anistia alcance tamb\u00e9m o ex-presidente, condenado pelo Supremo Tribunal Federal (STF) a mais de 27 anos de pris\u00e3o, em julgamento conclu\u00eddo na semana passada.<\/p>\n<\/p><\/div>\n<p><br \/>\n<br \/><a href=\"https:\/\/www.canalrural.com.br\/nacional\/camara-aprova-urgencia-para-projeto-de-anistia\/\">Source link <\/a><\/p>\n","protected":false},"excerpt":{"rendered":"<p>O plen\u00e1rio da C\u00e2mara dos Deputados aprovou, na noite desta quarta-feira (17), um requerimento de urg\u00eancia em favor do Projeto<\/p>\n","protected":false},"author":1,"featured_media":11883,"comment_status":"open","ping_status":"open","sticky":false,"template":"","format":"standard","meta":{"_monsterinsights_skip_tracking":false,"_monsterinsights_sitenote_active":false,"_monsterinsights_sitenote_note":"","_monsterinsights_sitenote_category":0,"_uf_show_specific_survey":0,"_uf_disable_surveys":false,"footnotes":""},"categories":[1],"tags":[],"class_list":["post-20389","post","type-post","status-publish","format-standard","has-post-thumbnail","hentry","category-news"],"_links":{"self":[{"href":"https:\/\/agromt.news\/index.php?rest_route=\/wp\/v2\/posts\/20389"}],"collection":[{"href":"https:\/\/agromt.news\/index.php?rest_route=\/wp\/v2\/posts"}],"about":[{"href":"https:\/\/agromt.news\/index.php?rest_route=\/wp\/v2\/types\/post"}],"author":[{"embeddable":true,"href":"https:\/\/agromt.news\/index.php?rest_route=\/wp\/v2\/users\/1"}],"replies":[{"embeddable":true,"href":"https:\/\/agromt.news\/index.php?rest_route=%2Fwp%2Fv2%2Fcomments&post=20389"}],"version-history":[{"count":0,"href":"https:\/\/agromt.news\/index.php?rest_route=\/wp\/v2\/posts\/20389\/revisions"}],"wp:featuredmedia":[{"embeddable":true,"href":"https:\/\/agromt.news\/index.php?rest_route=\/wp\/v2\/media\/11883"}],"wp:attachment":[{"href":"https:\/\/agromt.news\/index.php?rest_route=%2Fwp%2Fv2%2Fmedia&parent=20389"}],"wp:term":[{"taxonomy":"category","embeddable":true,"href":"https:\/\/agromt.news\/index.php?rest_route=%2Fwp%2Fv2%2Fcategories&post=20389"},{"taxonomy":"post_tag","embeddable":true,"href":"https:\/\/agromt.news\/index.php?rest_route=%2Fwp%2Fv2%2Ftags&post=20389"}],"curies":[{"name":"wp","href":"https:\/\/api.w.org\/{rel}","templated":true}]}}