{"id":20388,"date":"2025-09-18T08:41:12","date_gmt":"2025-09-18T12:41:12","guid":{"rendered":"https:\/\/agromt.news\/?p=20388"},"modified":"2025-09-18T08:41:12","modified_gmt":"2025-09-18T12:41:12","slug":"onda-de-calor-atinge-o-pais-provocando-alta-nas-temperaturas-e-temporais","status":"publish","type":"post","link":"https:\/\/agromt.news\/?p=20388","title":{"rendered":"Onda de calor atinge o pa\u00eds, provocando alta nas temperaturas e temporais"},"content":{"rendered":"<p> <br \/>\n<br \/><img decoding=\"async\" src=\"https:\/\/agromt.news\/wp-content\/uploads\/2025\/08\/Chega-de-frio-Calor-sera-o-protagonista-em-setembro-com.jpg\" \/><\/p>\n<div>\n<p>A intensifica\u00e7\u00e3o de uma \u00e1rea de baixa press\u00e3o centralizada no interior do continente deve favorecer novamente o fluxo de umidade vindo da regi\u00e3o Norte do pa\u00eds, contribuindo assim para que as instabilidades ganhem for\u00e7a novamente sobre o Rio Grande do Sul nesta quinta-feira (18). As pancadas de chuva come\u00e7am a se espalhar a partir do per\u00edodo da tarde, atingindo \u00e1reas do oeste, campanha, miss\u00f5es e regi\u00e3o central, variando entre moderada a pontual forte intensidade, acompanhadas por raios e rajadas de vento. <\/p>\n<p>Em Porto Alegre, tempo segue aberto com varia\u00e7\u00f5es de nebulosidade durante o dia e calor. Na faixa litor\u00e2nea, os ventos continuam ganhando for\u00e7a ao longo do dia, com rajadas mais fortes que variam entre 51 e 70 km\/h, mesmo sem a presen\u00e7a de chuva.<\/p>\n<p>Em Santa Catarina e no Paran\u00e1, o dia ainda dever\u00e1 contar com predom\u00ednio de tempo firme, sol e calor. Em decorr\u00eancia da manuten\u00e7\u00e3o dessa condi\u00e7\u00e3o de tempo mais aberto, o destaque continua sendo o calor intenso e a baixa umidade do ar, que seguem presentes no oeste catarinense, oeste, noroeste e norte paranaenses. No estado, as m\u00e1ximas podem seguir atingindo ou at\u00e9 mesmo ultrapassar os 35\u00baC, com alerta de umidade em n\u00edveis de aten\u00e7\u00e3o \u00e0 tarde entre o norte e noroeste.<\/p>\n<p>No Sudeste, a circula\u00e7\u00e3o de ventos pr\u00f3ximo \u00e0 costa mant\u00e9m a entrada de umidade e realiza a manuten\u00e7\u00e3o das instabilidades entre o Rio de Janeiro e o Esp\u00edrito Santo, com dia de c\u00e9u mais encoberto e condi\u00e7\u00f5es para pancadas de chuva com fraca intensidade entre a costa fluminense e capixaba. Pode chover tamb\u00e9m com fraca intensidade de maneira isolada no litoral paulista. <\/p>\n<p>Nas demais regi\u00f5es do interior de S\u00e3o Paulo, o predom\u00ednio ainda ser\u00e1 de tempo firme, com calor intenso e baixa umidade do ar marcando presen\u00e7a no per\u00edodo da tarde. O cen\u00e1rio permanece favor\u00e1vel \u00e0 ocorr\u00eancia de inc\u00eandios florestais, tal como a propaga\u00e7\u00e3o daqueles j\u00e1 existentes. Em Minas Gerais, ainda podem ocorrer algumas pancadas de chuva isoladas e ocasionais sobre alguns pontos \u2013 sobretudo a partir do per\u00edodo da tarde.<\/p>\n<p>Enquanto no Centro-Oeste, a circula\u00e7\u00e3o de umidade vinda do norte do pa\u00eds e que transita sobre a regi\u00e3o deve seguir estimulando a forma\u00e7\u00e3o de instabilidades sobre o norte e oeste de Mato Grosso e de Mato Grosso do Sul. Em boa parte do estado do MT, h\u00e1 risco de chuva forte seguida por raios e ventos \u2013 n\u00e3o sendo descartados eventuais temporais.<\/p>\n<p>O estado de Goi\u00e1s e o Distrito Federal come\u00e7aram a apresentar pancadas irregulares nos \u00faltimos dias, e o cen\u00e1rio dever\u00e1 se manter nesta quinta-feira, com condi\u00e7\u00f5es para chuva isolada em alguns pontos, mas que pode vir com forte intensidade \u2013 acompanhadas de raios e ventos.<\/p>\n<p>J\u00e1 no Nordeste, as instabilidades seguem se espalhando sobre a costa leste da regi\u00e3o, ainda bastante associadas \u00e0 entrada de umidade de origem oce\u00e2nica. Ainda assim, as pancadas de chuva seguem bastante irregulares, e intercalam com momentos de apari\u00e7\u00e3o do sol. No interior nordestino, o tempo segue firme e bastante quente, com alerta de baixa umidade do ar marcando presen\u00e7a no per\u00edodo da tarde. As regi\u00f5es com estiagem intensa e severa seguem com risco bastante elevado para a ocorr\u00eancia de inc\u00eandios florestais.<\/p>\n<p>E no Norte, calor e umidade continuam atuando como precursores das instabilidades no Amazonas, Roraima e Rond\u00f4nia, com risco de fortes pancadas de chuva durante o dia \u2013 n\u00e3o sendo descartada tamb\u00e9m a ocorr\u00eancia de temporais isolados. Acre segue com previs\u00e3o de chuva isolada, que deve variar entre fraca e moderada intensidade. No Par\u00e1, algumas cidades da divisa com o Amazonas tamb\u00e9m podem contar com chuva forte \u00e0 tarde. J\u00e1 o Amap\u00e1 e o Tocantins seguem com predom\u00ednio de sol e tempo firme ao longo do dia.<\/p>\n<div data-icp-cta=\"1\" id=\"icp-cta-unique\">Voc\u00ea quer entender como usar o clima a seu favor?<b> <\/b><a href=\"https:\/\/climacampo.canalrural.com.br\/climacampo_-01\">Preparamos um e-book exclusivo<\/a> para ajudar produtores rurais a se antecipar \u00e0s mudan\u00e7as do tempo e planejar melhor suas a\u00e7\u00f5es. Com base em previs\u00f5es meteorol\u00f3gicas confi\u00e1veis, ele oferece orienta\u00e7\u00f5es pr\u00e1ticas para proteger sua lavoura e otimizar seus resultados.<\/div>\n<\/div>\n<p><br \/>\n<br \/><a href=\"https:\/\/www.canalrural.com.br\/tempo\/onda-de-calor-atinge-o-pais-provocando-alta-nas-temperaturas-e-temporais\/\">Source link <\/a><\/p>\n","protected":false},"excerpt":{"rendered":"<p>A intensifica\u00e7\u00e3o de uma \u00e1rea de baixa press\u00e3o centralizada no interior do continente deve favorecer novamente o fluxo de umidade<\/p>\n","protected":false},"author":1,"featured_media":19151,"comment_status":"open","ping_status":"open","sticky":false,"template":"","format":"standard","meta":{"_monsterinsights_skip_tracking":false,"_monsterinsights_sitenote_active":false,"_monsterinsights_sitenote_note":"","_monsterinsights_sitenote_category":0,"_uf_show_specific_survey":0,"_uf_disable_surveys":false,"footnotes":""},"categories":[1],"tags":[],"class_list":["post-20388","post","type-post","status-publish","format-standard","has-post-thumbnail","hentry","category-news"],"_links":{"self":[{"href":"https:\/\/agromt.news\/index.php?rest_route=\/wp\/v2\/posts\/20388"}],"collection":[{"href":"https:\/\/agromt.news\/index.php?rest_route=\/wp\/v2\/posts"}],"about":[{"href":"https:\/\/agromt.news\/index.php?rest_route=\/wp\/v2\/types\/post"}],"author":[{"embeddable":true,"href":"https:\/\/agromt.news\/index.php?rest_route=\/wp\/v2\/users\/1"}],"replies":[{"embeddable":true,"href":"https:\/\/agromt.news\/index.php?rest_route=%2Fwp%2Fv2%2Fcomments&post=20388"}],"version-history":[{"count":0,"href":"https:\/\/agromt.news\/index.php?rest_route=\/wp\/v2\/posts\/20388\/revisions"}],"wp:featuredmedia":[{"embeddable":true,"href":"https:\/\/agromt.news\/index.php?rest_route=\/wp\/v2\/media\/19151"}],"wp:attachment":[{"href":"https:\/\/agromt.news\/index.php?rest_route=%2Fwp%2Fv2%2Fmedia&parent=20388"}],"wp:term":[{"taxonomy":"category","embeddable":true,"href":"https:\/\/agromt.news\/index.php?rest_route=%2Fwp%2Fv2%2Fcategories&post=20388"},{"taxonomy":"post_tag","embeddable":true,"href":"https:\/\/agromt.news\/index.php?rest_route=%2Fwp%2Fv2%2Ftags&post=20388"}],"curies":[{"name":"wp","href":"https:\/\/api.w.org\/{rel}","templated":true}]}}