{"id":20381,"date":"2025-09-18T00:10:33","date_gmt":"2025-09-18T04:10:33","guid":{"rendered":"https:\/\/agromt.news\/?p=20381"},"modified":"2025-09-18T00:10:33","modified_gmt":"2025-09-18T04:10:33","slug":"mercado-de-bioinsumos-cresce-15-ao-ano-e-deve-superar-quimicos-ate-2050-aponta-embrapa","status":"publish","type":"post","link":"https:\/\/agromt.news\/?p=20381","title":{"rendered":"Mercado de bioinsumos cresce 15% ao ano e deve superar qu\u00edmicos at\u00e9 2050, aponta Embrapa"},"content":{"rendered":"<p> <br \/>\n<\/p>\n<div>\n<p style=\"text-align:justify\">Gramado (RS) se tornou, nesta segunda-feira (15), o ponto de encontro da ci\u00eancia dedicada ao futuro da agricultura. A cidade recebeu a abertura do 18\u00ba Simp\u00f3sio de Controle Biol\u00f3gico (Siconbiol), considerado o maior evento cient\u00edfico do Brasil voltado ao tema. O encontro acontece no Centro de Eventos ExpoGramado e re\u00fane cerca de 1.400 participantes, incluindo pesquisadores, estudantes e profissionais do setor.&#13;\n<\/p>\n<p style=\"text-align:justify\">De acordo com informa\u00e7\u00f5es divulgadas pela Embrapa, o Siconbiol \u00e9 hoje uma das principais vitrines de debates sobre bioinsumos e manejo sustent\u00e1vel de pragas. O evento \u00e9 promovido em parceria pela Sociedade Entomol\u00f3gica do Brasil (SEB), Embrapa, Universidade Federal de Santa Maria (UFSM) e Funda\u00e7\u00e3o de Apoio \u00e0 Pesquisa e Desenvolvimento Agropecu\u00e1rio Edmundo Gastal (FAPEG). Nesta edi\u00e7\u00e3o, a presid\u00eancia \u00e9 conduzida pelo pesquisador Dori Edson Nava, da Embrapa Clima Temperado.<\/p>\n<p style=\"text-align:justify\">Na cerim\u00f4nia de abertura, o presidente da SEB, Angelo Pallini, destacou a diversidade de sotaques e trajet\u00f3rias reunidas em Gramado, simbolizando a for\u00e7a da ci\u00eancia brasileira. Ele enfatizou que o pa\u00eds j\u00e1 \u00e9 refer\u00eancia mundial em bioinsumos, com 786 produtos e 747 inoculantes registrados. \u201cO setor n\u00e3o para de crescer. Estamos em um evento que promove interc\u00e2mbio de conhecimento, mas tamb\u00e9m celebra a uni\u00e3o de pesquisadores de diferentes regi\u00f5es\u201d, afirmou.<\/p>\n<p style=\"text-align:justify\">Representando a Presid\u00eancia da Embrapa, o chefe-geral da Embrapa Clima Temperado, Leonardo Ferreira Dutra, refor\u00e7ou que a agricultura do futuro precisa estar alicer\u00e7ada nos \u201ccinco S\u201d: sa\u00fade \u00fanica, sustentabilidade, saudabilidade, seguran\u00e7a e soberania alimentar. Ele lembrou, por\u00e9m, que ainda existem desafios a vencer. \u201cEmbora o mercado esteja em expans\u00e3o, apenas 4% das aplica\u00e7\u00f5es de produtos biol\u00f3gicos ocorrem em culturas alimentares como frutas, hortali\u00e7as e gr\u00e3os b\u00e1sicos. Esse \u00e9 um espa\u00e7o com enorme potencial para crescimento\u201d, destacou.&#13;\n<\/p>\n<p style=\"text-align:justify\">Para o presidente do simp\u00f3sio, Dori Edson Nava, o encontro \u00e9 uma oportunidade para mostrar como os avan\u00e7os cient\u00edficos t\u00eam transformado o manejo agr\u00edcola desde os anos 2000. Ele ressaltou que, nos \u00faltimos quatro anos, o setor cresceu em m\u00e9dia 15% ao ano e que as proje\u00e7\u00f5es indicam que o mercado biol\u00f3gico deve ultrapassar o qu\u00edmico at\u00e9 2050. \u201cEstamos vivendo a era da Biologia. O controle biol\u00f3gico deixou de ser apenas uma promessa e se tornou realidade para a agricultura moderna\u201d, afirmou.<\/p>\n<p style=\"text-align:justify\">Um dos momentos mais marcantes da abertura foi a homenagem ao professor Jos\u00e9 Roberto Postali Parra, da ESALQ\/USP, reconhecido por sua contribui\u00e7\u00e3o hist\u00f3rica ao setor e presente em todas as edi\u00e7\u00f5es do simp\u00f3sio. Para Nava, a trajet\u00f3ria do professor ajudou a consolidar o uso de bioinsumos tanto no Brasil quanto no cen\u00e1rio internacional.<\/p>\n<p style=\"text-align:justify\">A noite tamb\u00e9m foi marcada por emo\u00e7\u00e3o com a lembran\u00e7a da pesquisadora Gl\u00e1ucia de Figueiredo Nachtigal, da Embrapa Clima Temperado, falecida em janeiro de 2025. Com 18 anos de dedica\u00e7\u00e3o \u00e0 pesquisa, Gl\u00e1ucia deixou importantes contribui\u00e7\u00f5es para o controle biol\u00f3gico do capim-annoni. A homenagem foi conduzida pelo pesquisador Cesar Bauer Gomes, e uma placa simb\u00f3lica foi entregue ao t\u00e9cnico Daniel Lopes de Lima, colega de laborat\u00f3rio da pesquisadora.&#13;\n<\/p>\n<p style=\"text-align:justify\">\u00a0<\/p>\n<\/p><\/div>\n<p><script data-cfasync=\"false\">\n    !function (f, b, e, v, n, t, s) {\n        if (f.fbq) return; n = f.fbq = function () {\n            n.callMethod ?\n                n.callMethod.apply(n, arguments) : n.queue.push(arguments)\n        };\n        if (!f._fbq) f._fbq = n; n.push = n; n.loaded = !0; n.version = '2.0';\n        n.queue = []; t = b.createElement(e); t.async = !0;\n        t.src = v; s = b.getElementsByTagName(e)[0];\n        s.parentNode.insertBefore(t, s)\n    }(window, document, 'script',\n        'https:\/\/connect.facebook.net\/en_US\/fbevents.js');\n    fbq('init', '522546078623747');\n    fbq('track', 'PageView');\n<\/script><br \/>\n<br \/><br \/>\n<br \/><a href=\"https:\/\/www.agrolink.com.br\/noticias\/mercado-de-bioinsumos-cresce-15--ao-ano-e-deve-superar-quimicos-ate-2050--aponta-embrapa_506025.html\">Source link <\/a><\/p>\n","protected":false},"excerpt":{"rendered":"<p>Gramado (RS) se tornou, nesta segunda-feira (15), o ponto de encontro da ci\u00eancia dedicada ao futuro da agricultura. A cidade<\/p>\n","protected":false},"author":1,"featured_media":20382,"comment_status":"open","ping_status":"open","sticky":false,"template":"","format":"standard","meta":{"_monsterinsights_skip_tracking":false,"_monsterinsights_sitenote_active":false,"_monsterinsights_sitenote_note":"","_monsterinsights_sitenote_category":0,"_uf_show_specific_survey":0,"_uf_disable_surveys":false,"footnotes":""},"categories":[8,1,14],"tags":[],"class_list":["post-20381","post","type-post","status-publish","format-standard","has-post-thumbnail","hentry","category-agro","category-news","category-politica-agro"],"_links":{"self":[{"href":"https:\/\/agromt.news\/index.php?rest_route=\/wp\/v2\/posts\/20381"}],"collection":[{"href":"https:\/\/agromt.news\/index.php?rest_route=\/wp\/v2\/posts"}],"about":[{"href":"https:\/\/agromt.news\/index.php?rest_route=\/wp\/v2\/types\/post"}],"author":[{"embeddable":true,"href":"https:\/\/agromt.news\/index.php?rest_route=\/wp\/v2\/users\/1"}],"replies":[{"embeddable":true,"href":"https:\/\/agromt.news\/index.php?rest_route=%2Fwp%2Fv2%2Fcomments&post=20381"}],"version-history":[{"count":0,"href":"https:\/\/agromt.news\/index.php?rest_route=\/wp\/v2\/posts\/20381\/revisions"}],"wp:featuredmedia":[{"embeddable":true,"href":"https:\/\/agromt.news\/index.php?rest_route=\/wp\/v2\/media\/20382"}],"wp:attachment":[{"href":"https:\/\/agromt.news\/index.php?rest_route=%2Fwp%2Fv2%2Fmedia&parent=20381"}],"wp:term":[{"taxonomy":"category","embeddable":true,"href":"https:\/\/agromt.news\/index.php?rest_route=%2Fwp%2Fv2%2Fcategories&post=20381"},{"taxonomy":"post_tag","embeddable":true,"href":"https:\/\/agromt.news\/index.php?rest_route=%2Fwp%2Fv2%2Ftags&post=20381"}],"curies":[{"name":"wp","href":"https:\/\/api.w.org\/{rel}","templated":true}]}}