{"id":20377,"date":"2025-09-17T19:58:31","date_gmt":"2025-09-17T23:58:31","guid":{"rendered":"https:\/\/agromt.news\/?p=20377"},"modified":"2025-09-17T19:58:31","modified_gmt":"2025-09-17T23:58:31","slug":"brasil-comecara-a-exportar-bovinos-e-bubalinos-a-pais-africano","status":"publish","type":"post","link":"https:\/\/agromt.news\/?p=20377","title":{"rendered":"Brasil come\u00e7ar\u00e1 a exportar bovinos e bubalinos a pa\u00eds africano"},"content":{"rendered":"<p> <br \/>\n<br \/><img decoding=\"async\" src=\"https:\/\/agromt.news\/wp-content\/uploads\/2025\/09\/Brasil-comecara-a-exportar-bovinos-e-bubalinos-a-pais-africano.jpg\" \/><\/p>\n<div>\n<p>As autoridades sanit\u00e1rias do Togo, na\u00e7\u00e3o da \u00c1frica Ocidental, concederam autoriza\u00e7\u00e3o para exporta\u00e7\u00e3o de bovinos e bubalinos vivos do Brasil.<\/p>\n<p>Em 2024, o pa\u00eds, que conta com uma popula\u00e7\u00e3o de 9,5 milh\u00f5es, importou US$ 173 milh\u00f5es em produtos agropecu\u00e1rios brasileiros, com destaque para produtos do complexo sucroalcooleiro, carnes e pescados.<\/p>\n<p>Para o Minist\u00e9rio da Agricultura e Pecu\u00e1ria <strong><a href=\"https:\/\/www.canalrural.com.br\/tag\/mapa\/\">(Mapa)<\/a><\/strong>, a nova abertura fortalece as rela\u00e7\u00f5es comerciais bilaterais e amplia a possibilidade de inser\u00e7\u00e3o de produtos brasileiros na \u00c1frica Ocidental. <\/p>\n<p>O Porto de Lom\u00e9, na capital do pa\u00eds, est\u00e1 entre os 100 maiores do mundo em volume de cont\u00eaineres e opera como um \u201chub\u201d log\u00edstico na regi\u00e3o.<\/p>\n<p>Desde 2023, o agroneg\u00f3cio brasileiro j\u00e1 soma 437 aberturas de mercado, em 72 destinos.<\/p>\n<\/p><\/div>\n<p><br \/>\n<br \/><a href=\"https:\/\/www.canalrural.com.br\/nacional\/brasil-comecara-a-exportar-bovinos-e-bubalinos-a-pais-africano\/\">Source link <\/a><\/p>\n","protected":false},"excerpt":{"rendered":"<p>As autoridades sanit\u00e1rias do Togo, na\u00e7\u00e3o da \u00c1frica Ocidental, concederam autoriza\u00e7\u00e3o para exporta\u00e7\u00e3o de bovinos e bubalinos vivos do Brasil.<\/p>\n","protected":false},"author":1,"featured_media":20378,"comment_status":"open","ping_status":"open","sticky":false,"template":"","format":"standard","meta":{"_monsterinsights_skip_tracking":false,"_monsterinsights_sitenote_active":false,"_monsterinsights_sitenote_note":"","_monsterinsights_sitenote_category":0,"_uf_show_specific_survey":0,"_uf_disable_surveys":false,"footnotes":""},"categories":[1],"tags":[],"class_list":["post-20377","post","type-post","status-publish","format-standard","has-post-thumbnail","hentry","category-news"],"_links":{"self":[{"href":"https:\/\/agromt.news\/index.php?rest_route=\/wp\/v2\/posts\/20377"}],"collection":[{"href":"https:\/\/agromt.news\/index.php?rest_route=\/wp\/v2\/posts"}],"about":[{"href":"https:\/\/agromt.news\/index.php?rest_route=\/wp\/v2\/types\/post"}],"author":[{"embeddable":true,"href":"https:\/\/agromt.news\/index.php?rest_route=\/wp\/v2\/users\/1"}],"replies":[{"embeddable":true,"href":"https:\/\/agromt.news\/index.php?rest_route=%2Fwp%2Fv2%2Fcomments&post=20377"}],"version-history":[{"count":0,"href":"https:\/\/agromt.news\/index.php?rest_route=\/wp\/v2\/posts\/20377\/revisions"}],"wp:featuredmedia":[{"embeddable":true,"href":"https:\/\/agromt.news\/index.php?rest_route=\/wp\/v2\/media\/20378"}],"wp:attachment":[{"href":"https:\/\/agromt.news\/index.php?rest_route=%2Fwp%2Fv2%2Fmedia&parent=20377"}],"wp:term":[{"taxonomy":"category","embeddable":true,"href":"https:\/\/agromt.news\/index.php?rest_route=%2Fwp%2Fv2%2Fcategories&post=20377"},{"taxonomy":"post_tag","embeddable":true,"href":"https:\/\/agromt.news\/index.php?rest_route=%2Fwp%2Fv2%2Ftags&post=20377"}],"curies":[{"name":"wp","href":"https:\/\/api.w.org\/{rel}","templated":true}]}}