{"id":20367,"date":"2025-09-17T18:18:42","date_gmt":"2025-09-17T22:18:42","guid":{"rendered":"https:\/\/agromt.news\/?p=20367"},"modified":"2025-09-17T18:18:42","modified_gmt":"2025-09-17T22:18:42","slug":"falta-apenas-uma-semana-para-o-apsul-america-2025","status":"publish","type":"post","link":"https:\/\/agromt.news\/?p=20367","title":{"rendered":"Falta apenas uma semana para o APSUL Am\u00e9rica 2025"},"content":{"rendered":"<p> <br \/>\n<\/p>\n<div>\n<p style=\"text-align:justify\">Estamos a uma semana do APSUL Am\u00e9rica 2025, o maior congresso sul-americano de Agricultura de Precis\u00e3o e M\u00e1quinas Precisas, que acontecer\u00e1 nos dias 23 e 24 de setembro, no Parque da Expodireto Cotrijal, em N\u00e3o-Me-Toque\/RS.<\/p>\n<p style=\"text-align:justify\">Com o tema \u201cAGRICULTURA 4.0 \u2013 INOVA\u00c7\u00c3O DIANTE DOS DESAFIOS CLIM\u00c1TICOS, ECON\u00d4MICOS E SOCIAIS\u201d, o APSUL Am\u00e9rica 2025 promete reunir pesquisadores renomados, empres\u00e1rios, produtores rurais e grandes lideran\u00e7as do setor agropecu\u00e1rio para compartilhar as solu\u00e7\u00f5es mais avan\u00e7adas e sustent\u00e1veis para os desafios atuais e futuros do agroneg\u00f3cio.&#13;\n<\/p>\n<p style=\"text-align:justify\">O evento contar\u00e1 com mais de 60 painelistas e moderadores de quatro pa\u00edses \u2013 Brasil, Holanda, Argentina e Estados Unidos \u2013, al\u00e9m de minicursos gratuitos, demonstra\u00e7\u00f5es pr\u00e1ticas de drones e m\u00e1quinas agr\u00edcolas, e a exposi\u00e7\u00e3o de trabalhos t\u00e9cnicos que far\u00e3o parte do e-book oficial do evento.<\/p>\n<p style=\"text-align:justify\">Ainda d\u00e1 tempo de garantir sua vaga, mas as inscri\u00e7\u00f5es s\u00e3o limitadas! ?<\/p>\n<p style=\"text-align:justify\"><a href=\"http:\/\/www.apsulamerica.com.br\" target=\"_blank\" rel=\"noopener\">\u00a0Acesse o site oficial e inscreva-se agora mesmo.<\/a><\/p>\n<p style=\"text-align:justify\">Detalhes sobre a Inscri\u00e7\u00e3o<br \/>&#13;<br \/>\nCongressista: R$ 165,00<\/p>\n<p style=\"text-align:justify\">Estudante: R$ 85,00 (mediante apresenta\u00e7\u00e3o de comprovante).<\/p>\n<p style=\"text-align:justify\">Combo Empresa\/Institui\u00e7\u00e3o (mais de 10 inscri\u00e7\u00f5es): R$ 135,00 por pessoa.<\/p>\n<p style=\"text-align:justify\">N\u00e3o deixe para a \u00faltima hora! Venha se conectar com o futuro do agro em um dos eventos mais importantes da Am\u00e9rica Latina.<\/p>\n<p style=\"text-align:justify\">Confira a Programa\u00e7\u00e3o Completa e Atualizada<br \/>&#13;<br \/>\nTer\u00e7a-feira \u2013 23 de setembro de 2025<br \/>&#13;<br \/>\n07h45 \u2013 08h30 | Credenciamento \u2013 Pra\u00e7a de Alimenta\u00e7\u00e3o08h30 | Boas-vindas \u2013 Audit\u00f3rio do Restaurante<\/p>\n<p style=\"text-align:justify\">Painel I | 08h40Atualiza\u00e7\u00e3o na recomenda\u00e7\u00e3o de fertilizantes e corretivos e a intelig\u00eancia artificial<\/p>\n<p style=\"text-align:justify\">Dr. Rodrigo Marcelli Boaretto \u2013 Pesquisador Cient\u00edfico &#8211; Instituto Agron\u00f4mico &#8211; IAC<\/p>\n<p style=\"text-align:justify\">Dr. Jackson Ernani Fiorin \u2013 Pesquisador &#8211; Rede T\u00e9cnica Cooperativa &#8211; RTC<\/p>\n<p style=\"text-align:justify\">Rodrigo Buffon \u2013 Consultor SPD Soil Diagnostic<\/p>\n<p style=\"text-align:justify\">Moderador: Me. Leonardo Kerber \u2013 Coordenador de Valida\u00e7\u00e3o Agrodigital e do Programa de Agricultura de Precis\u00e3o &#8211; Cotrijal<\/p>\n<p style=\"text-align:justify\">Painel II | 09h50Agricultura em tempos desafiadores \u2013 o papel da gest\u00e3o e inova\u00e7\u00e3o<\/p>\n<p style=\"text-align:justify\">Ernani Polo \u2013 Secret\u00e1rio Estadual de Desenvolvimento Econ\u00f4mico do RS<\/p>\n<p style=\"text-align:justify\">Gilson dos Santos \u2013 Prefeito Municipal de N\u00e3o-Me-Toque<\/p>\n<p style=\"text-align:justify\">Inge Horstmeier \u2013 Conselheira de Agricultura dos Pa\u00edses Baixos no Brasil<\/p>\n<p style=\"text-align:justify\">Nei Cesar M\u00e2nica \u2013 Presidente da Cotrijal<\/p>\n<p style=\"text-align:justify\">Gede\u00e3o Silveira Pereira \u2013 Presidente do Sistema FARSUL\/SENAR<\/p>\n<p style=\"text-align:justify\">Moderadora: Teodora Berta Souilljee L\u00fctkemeyer \u2013 Presidente do APSUL Am\u00e9rica<\/p>\n<p style=\"text-align:justify\">Sess\u00e3o T\u00e9cnica | 11h10Agricultura de Precis\u00e3o nos Estados Unidos \u2013 Ensinamentos de um pa\u00eds pioneiro<\/p>\n<p style=\"text-align:justify\">Steve Phillips, PhD \u2013 Professor &#8211; Oklahoma State University (EUA)<\/p>\n<p style=\"text-align:justify\">Moderador: Dr. Telmo Jorge Carneiro Amado \u2013 Professor PPGAP\/UFSM e Coordenador T\u00e9cnico APSUL Am\u00e9rica<\/p>\n<p style=\"text-align:justify\">12h00 \u2013 13h00 | Almo\u00e7o \u2013 Pra\u00e7a de Alimenta\u00e7\u00e3o<\/p>\n<p style=\"text-align:justify\">Demonstra\u00e7\u00f5es T\u00e9cnicas | 13h00 \u2013 14h00<br \/>&#13;<br \/>\nDin\u00e2mica:<\/p>\n<p style=\"text-align:justify\">Tema: Drones \u2013 Semeadura de plantas de cobertura e aplica\u00e7\u00e3o de insumos biol\u00f3gicos<\/p>\n<p style=\"text-align:justify\">Empresas participantes: Case, New Holland, Farming Solutions\/DJI, CMPC do Brasil<\/p>\n<p style=\"text-align:justify\">Moderadores: Dr. L\u00facio de Paula Amaral e Dr. Luiz Felipe Diaz de Carvalho \u2013 Professores UFSM<\/p>\n<p style=\"text-align:justify\">Est\u00e1tica:<\/p>\n<p style=\"text-align:justify\">Tema: M\u00e1quinas precisas e tecnologias no campo<\/p>\n<p style=\"text-align:justify\">Empresas participantes: Stara, PTx\/Massey Ferguson, Case, New Holland<\/p>\n<p style=\"text-align:justify\">Moderador: Dr. Eduardo Leonel Bottega \u2013 Professor UFSM<\/p>\n<p style=\"text-align:justify\">Painel III | 14h00Inova\u00e7\u00e3o e Empreendedorismo no setor de m\u00e1quinas agr\u00edcolas<\/p>\n<p style=\"text-align:justify\">Paulo Herrmann \u2013 Engenheiro Agr\u00f4nomo<\/p>\n<p style=\"text-align:justify\">Assis Strasser \u2013 S\u00f3cio Fundador e CEO &#8211; GTS Group<\/p>\n<p style=\"text-align:justify\">Werner Ferreira dos Santos \u2013 Conselheiro Administrativo e Consultor &#8211; PH Advisory Group<\/p>\n<p style=\"text-align:justify\">Me. Mauricio Blanco Infantini \u2013 Gerente de Inova\u00e7\u00e3o Aberta e Fomentos \u2013 CNH<\/p>\n<p style=\"text-align:justify\">Moderador: Ing. Agr. MSc. Fernando Scaramuzza \u2013 Consultor em Agricultura de Precis\u00e3o e Mecaniza\u00e7\u00e3o Agr\u00edcola (AR)<\/p>\n<p style=\"text-align:justify\">Painel IV | 15h40Tend\u00eancias da Agricultura de Precis\u00e3o nos Estados Unidos, Argentina, Brasil e Holanda<\/p>\n<p style=\"text-align:justify\">Ing. Agr. MSc. Fernando Scaramuzza \u2013 Consultor em Agricultura de Precis\u00e3o e Mecaniza\u00e7\u00e3o Agr\u00edcola (AR)<\/p>\n<p style=\"text-align:justify\">Bernardo Maestrini, PhD \u2013 Pesquisador &#8211; Wageningen University &amp; Research \u2013 WUR (NL)<\/p>\n<p style=\"text-align:justify\">Dr. Christian Bredemeier \u2013 Professor UFRGS<\/p>\n<p style=\"text-align:justify\">Steve Phillips, PhD \u2013 Professor &#8211; Oklahoma State University (EUA)<\/p>\n<p style=\"text-align:justify\">Moderador: P\u00f3s-Dr. Dalvan Jos\u00e9 Reinert \u2013 Professor UFSM<\/p>\n<p style=\"text-align:justify\">17h00 | Minicursos gratuitos com coffee break:(Confira a lista completa no site oficial)<\/p>\n<p style=\"text-align:justify\">19h00 \u2013 21h30 | Happy Hour \u2013 Pra\u00e7a de Alimenta\u00e7\u00e3o<\/p>\n<p style=\"text-align:justify\">Quarta-feira \u2013 24 de setembro de 2025<br \/>&#13;<br \/>\n08h00 | Painel V: Conserva\u00e7\u00e3o do SoloCom Ulfried Arns, Murilo Teixeira Gon\u00e7alves, Rodrigo Al\u00e9ssio, Elton Zanella e La\u00e9rcio Dalla Vecchia.<\/p>\n<p style=\"text-align:justify\">09h30 \u2013 10h10 | Coffee Break e Exposi\u00e7\u00e3o de Trabalhos Cient\u00edficos10h10 | Palestra &#8220;Smart-Soybean&#8221; (Brasil-Holanda) com Bernardo Maestrini e Misghina Teklu.10h50 | Painel VI: Tecnologias Digitais com Esp. Cristiano Buss, Me. Diego Lopes, Me. Gabrielly Souza, Me. Maria Teresa Silva e Me. Airton Polon.&#13;\n<\/p>\n<p style=\"text-align:justify\">13h00 | Painel VII: O Agro Brasileiro com Dr. Ant\u00f4nio da Luz e Dr. Christian Lohbauer.14h15 | Painel VIII: Taxa Vari\u00e1vel de Sementes com Dr. Tiago H\u00f6rbe e Saulo Penna Neto.15h10 | Palestra: Estrat\u00e9gias Sustent\u00e1veis (Holanda) com MSc. Alwin Meenderink e MSc. Hendrik Braam.15h50 | Encerramento + Sorteio<\/p>\n<p style=\"text-align:justify\">Local: Parque da Expodireto Cotrijal, N\u00e3o-Me-Toque\/RS?? Data: 23 e 24 de setembro de 2025?? Mais informa\u00e7\u00f5es e inscri\u00e7\u00f5es:\u00a0<\/p>\n<p style=\"text-align:justify\"><a href=\"http:\/\/www.apsulamerica.com.br\" target=\"_blank\" rel=\"noopener\">www.apsulamerica.com.br<\/a><\/p>\n<\/p><\/div>\n<p><script data-cfasync=\"false\">\n    !function (f, b, e, v, n, t, s) {\n        if (f.fbq) return; n = f.fbq = function () {\n            n.callMethod ?\n                n.callMethod.apply(n, arguments) : n.queue.push(arguments)\n        };\n        if (!f._fbq) f._fbq = n; n.push = n; n.loaded = !0; n.version = '2.0';\n        n.queue = []; t = b.createElement(e); t.async = !0;\n        t.src = v; s = b.getElementsByTagName(e)[0];\n        s.parentNode.insertBefore(t, s)\n    }(window, document, 'script',\n        'https:\/\/connect.facebook.net\/en_US\/fbevents.js');\n    fbq('init', '522546078623747');\n    fbq('track', 'PageView');\n<\/script><br \/>\n<br \/><br \/>\n<br \/><a href=\"https:\/\/www.agrolink.com.br\/noticias\/falta-apenas-uma-semana-para-o-apsul-america-2025_506030.html\">Source link <\/a><\/p>\n","protected":false},"excerpt":{"rendered":"<p>Estamos a uma semana do APSUL Am\u00e9rica 2025, o maior congresso sul-americano de Agricultura de Precis\u00e3o e M\u00e1quinas Precisas, que<\/p>\n","protected":false},"author":1,"featured_media":20368,"comment_status":"open","ping_status":"open","sticky":false,"template":"","format":"standard","meta":{"_monsterinsights_skip_tracking":false,"_monsterinsights_sitenote_active":false,"_monsterinsights_sitenote_note":"","_monsterinsights_sitenote_category":0,"_uf_show_specific_survey":0,"_uf_disable_surveys":false,"footnotes":""},"categories":[8,1,14],"tags":[],"class_list":["post-20367","post","type-post","status-publish","format-standard","has-post-thumbnail","hentry","category-agro","category-news","category-politica-agro"],"_links":{"self":[{"href":"https:\/\/agromt.news\/index.php?rest_route=\/wp\/v2\/posts\/20367"}],"collection":[{"href":"https:\/\/agromt.news\/index.php?rest_route=\/wp\/v2\/posts"}],"about":[{"href":"https:\/\/agromt.news\/index.php?rest_route=\/wp\/v2\/types\/post"}],"author":[{"embeddable":true,"href":"https:\/\/agromt.news\/index.php?rest_route=\/wp\/v2\/users\/1"}],"replies":[{"embeddable":true,"href":"https:\/\/agromt.news\/index.php?rest_route=%2Fwp%2Fv2%2Fcomments&post=20367"}],"version-history":[{"count":0,"href":"https:\/\/agromt.news\/index.php?rest_route=\/wp\/v2\/posts\/20367\/revisions"}],"wp:featuredmedia":[{"embeddable":true,"href":"https:\/\/agromt.news\/index.php?rest_route=\/wp\/v2\/media\/20368"}],"wp:attachment":[{"href":"https:\/\/agromt.news\/index.php?rest_route=%2Fwp%2Fv2%2Fmedia&parent=20367"}],"wp:term":[{"taxonomy":"category","embeddable":true,"href":"https:\/\/agromt.news\/index.php?rest_route=%2Fwp%2Fv2%2Fcategories&post=20367"},{"taxonomy":"post_tag","embeddable":true,"href":"https:\/\/agromt.news\/index.php?rest_route=%2Fwp%2Fv2%2Ftags&post=20367"}],"curies":[{"name":"wp","href":"https:\/\/api.w.org\/{rel}","templated":true}]}}