{"id":20356,"date":"2025-09-17T15:43:03","date_gmt":"2025-09-17T19:43:03","guid":{"rendered":"https:\/\/agromt.news\/?p=20356"},"modified":"2025-09-17T15:43:03","modified_gmt":"2025-09-17T19:43:03","slug":"onu-aumenta-verba-para-hospedar-paises-em-belem","status":"publish","type":"post","link":"https:\/\/agromt.news\/?p=20356","title":{"rendered":"ONU aumenta verba para hospedar pa\u00edses em Bel\u00e9m"},"content":{"rendered":"<p> <br \/>\n<br \/><img decoding=\"async\" src=\"https:\/\/agromt.news\/wp-content\/uploads\/2025\/01\/Delegacao-da-ONU-acompanha-os-preparativos-para-COP30-no-Brasil.jpg\" \/><\/p>\n<div>\n<p>A menos de dois meses da COP30, que ser\u00e1 realizada em Bel\u00e9m, a Organiza\u00e7\u00e3o das Na\u00e7\u00f5es Unidas (<a href=\"https:\/\/www.canalrural.com.br\/tag\/onu\/\">ONU<\/a>) aumentou o valor pago a pa\u00edses em desenvolvimento para custear hospedagens durante a COP30, em Bel\u00e9m. O objetivo \u00e9 viabilizar a participa\u00e7\u00e3o das delega\u00e7\u00f5es no encontro sobre mudan\u00e7as clim\u00e1ticas, marcado para novembro. At\u00e9 agora, apenas 40% das reservas foram confirmadas.<\/p>\n<p>A medida, no entanto, ainda n\u00e3o resolveu a crise de acomoda\u00e7\u00f5es. At\u00e9 agora, 79 pa\u00edses j\u00e1 reservaram hospedagem em Bel\u00e9m por meio da plataforma do governo ou de articula\u00e7\u00f5es pr\u00f3prias. Outros 70 ainda negociam, o que deixa a organiza\u00e7\u00e3o distante da meta de 196 delega\u00e7\u00f5es.<\/p>\n<p>O secret\u00e1rio-executivo da UNFCCC, Simon Stiell, avaliou que houve progresso, mas refor\u00e7ou que \u201cainda h\u00e1 mais a ser feito\u201d, segundo nota divulgada pela Secretaria Extraordin\u00e1ria para COP30 (Secop).<\/p>\n<h3 class=\"wp-block-heading\" id=\"h-brasil-considera-apoio-insuficiente\">Brasil considera apoio insuficiente<\/h3>\n<p>Apesar do aumento, o governo brasileiro avalia que o valor segue abaixo da m\u00e9dia praticada em outras capitais. Al\u00e9m disso, o valor n\u00e3o cobre os custos locais, o que pressiona ainda mais a organiza\u00e7\u00e3o. Como compara\u00e7\u00e3o, em Bonn, na Alemanha, sede de uma das confer\u00eancias preparat\u00f3rias da ONU, a di\u00e1ria subsidiada chegou a US$ 400.<\/p>\n<p>Diante desse cen\u00e1rio, o Brasil pediu \u00e0 ONU uma taxa emergencial para a COP30, de forma a facilitar a participa\u00e7\u00e3o de pa\u00edses em desenvolvimento. O governo, no entanto, rejeitou a proposta de subsidiar hospedagens com recursos pr\u00f3prios. A secret\u00e1ria executiva da Casa Civil, M\u00edriam Belchior, afirmou que o pa\u00eds j\u00e1 arca com despesas significativas para realizar o evento e n\u00e3o cabe transferir esse custo para os brasileiros.<\/p>\n<h3 class=\"wp-block-heading\" id=\"h-pressao-por-hospedagens-continua\">Press\u00e3o por hospedagens continua<\/h3>\n<p>A crise de hospedagens ganhou for\u00e7a em agosto, quando 29 pa\u00edses enviaram uma carta pedindo a mudan\u00e7a da sede da COP30. Naquele momento, menos de um quarto das delega\u00e7\u00f5es tinha garantido acomoda\u00e7\u00e3o.<\/p>\n<p>Para tentar contornar o impasse, a ONU sugeriu que o Brasil bancasse parte dos custos de hospedagem, mas o governo descartou a hip\u00f3tese. Segundo a Casa Civil, o pa\u00eds n\u00e3o pode assumir o papel de financiar delega\u00e7\u00f5es estrangeiras, inclusive de na\u00e7\u00f5es mais ricas.<\/p>\n<\/p><\/div>\n<p><br \/>\n<br \/><a href=\"https:\/\/www.canalrural.com.br\/sustentabilidade\/cop30-onu-aumenta-verba-para-hospedar-paises-em-belem\/\">Source link <\/a><\/p>\n","protected":false},"excerpt":{"rendered":"<p>A menos de dois meses da COP30, que ser\u00e1 realizada em Bel\u00e9m, a Organiza\u00e7\u00e3o das Na\u00e7\u00f5es Unidas (ONU) aumentou o<\/p>\n","protected":false},"author":1,"featured_media":8292,"comment_status":"open","ping_status":"open","sticky":false,"template":"","format":"standard","meta":{"_monsterinsights_skip_tracking":false,"_monsterinsights_sitenote_active":false,"_monsterinsights_sitenote_note":"","_monsterinsights_sitenote_category":0,"_uf_show_specific_survey":0,"_uf_disable_surveys":false,"footnotes":""},"categories":[1],"tags":[],"class_list":["post-20356","post","type-post","status-publish","format-standard","has-post-thumbnail","hentry","category-news"],"_links":{"self":[{"href":"https:\/\/agromt.news\/index.php?rest_route=\/wp\/v2\/posts\/20356"}],"collection":[{"href":"https:\/\/agromt.news\/index.php?rest_route=\/wp\/v2\/posts"}],"about":[{"href":"https:\/\/agromt.news\/index.php?rest_route=\/wp\/v2\/types\/post"}],"author":[{"embeddable":true,"href":"https:\/\/agromt.news\/index.php?rest_route=\/wp\/v2\/users\/1"}],"replies":[{"embeddable":true,"href":"https:\/\/agromt.news\/index.php?rest_route=%2Fwp%2Fv2%2Fcomments&post=20356"}],"version-history":[{"count":0,"href":"https:\/\/agromt.news\/index.php?rest_route=\/wp\/v2\/posts\/20356\/revisions"}],"wp:featuredmedia":[{"embeddable":true,"href":"https:\/\/agromt.news\/index.php?rest_route=\/wp\/v2\/media\/8292"}],"wp:attachment":[{"href":"https:\/\/agromt.news\/index.php?rest_route=%2Fwp%2Fv2%2Fmedia&parent=20356"}],"wp:term":[{"taxonomy":"category","embeddable":true,"href":"https:\/\/agromt.news\/index.php?rest_route=%2Fwp%2Fv2%2Fcategories&post=20356"},{"taxonomy":"post_tag","embeddable":true,"href":"https:\/\/agromt.news\/index.php?rest_route=%2Fwp%2Fv2%2Ftags&post=20356"}],"curies":[{"name":"wp","href":"https:\/\/api.w.org\/{rel}","templated":true}]}}