{"id":20348,"date":"2025-09-17T12:41:54","date_gmt":"2025-09-17T16:41:54","guid":{"rendered":"https:\/\/agromt.news\/?p=20348"},"modified":"2025-09-17T12:41:54","modified_gmt":"2025-09-17T16:41:54","slug":"atraso-na-colheita-do-algodao-faz-adab-prorrogar-inicio-do-vazio-sanitario","status":"publish","type":"post","link":"https:\/\/agromt.news\/?p=20348","title":{"rendered":"Atraso na colheita do algod\u00e3o faz Adab prorrogar in\u00edcio do vazio sanit\u00e1rio"},"content":{"rendered":"<p> <br \/>\n<br \/><img decoding=\"async\" src=\"https:\/\/agromt.news\/wp-content\/uploads\/2025\/09\/Atraso-na-colheita-do-algodao-faz-Adab-prorrogar-inicio-do.jpeg\" \/><\/p>\n<div>\n<p>A Ag\u00eancia de Defesa Agropecu\u00e1ria da Bahia (Adab) concedeu, por meio de Portaria e em car\u00e1ter excepcional, novos prazos para conclus\u00e3o da destrui\u00e7\u00e3o de soqueiras (restos culturais) do algod\u00e3o, para a Safra 2024\/2025, e in\u00edcio do vazio sanit\u00e1rio em decorr\u00eancia ao atraso na colheita da pluma baiana.<\/p>\n<p>De acordo com o novo ato normativo (078\/2025), publicado em 4 de setembro no Di\u00e1rio Oficial do Estado da Bahia (DOE-BA), propriedades em regime irrigado, que n\u00e3o conseguiram cumprir os prazos anteriormente estabelecidos, precisam requerer a mudan\u00e7a junto ao \u00f3rg\u00e3o, assumindo o compromisso de manter suas \u00e1reas manejadas, sem a presen\u00e7a de plantas de algod\u00e3o com risco fitossanit\u00e1rio. <\/p>\n<p>A medida estabelece normas para o controle da praga bicudo-do-algodoeiro (Anthonomus grandis) no Estado da Bahia.<\/p>\n<p>O calend\u00e1rio agr\u00edcola regionalizado define os prazos m\u00e1ximos de 5 de outubro, para conclus\u00e3o da destrui\u00e7\u00e3o de soqueiras do algod\u00e3o das propriedades irrigadas da Regi\u00e3o I, e dia 25 de setembro de 2025 para a Regi\u00e3o II.<\/p>\n<p>De acordo com a Adab, a mudan\u00e7a no calend\u00e1rio agr\u00edcola atende ao pleito apresentado pela Associa\u00e7\u00e3o Baiana dos Produtores de Algod\u00e3o (Abapa), que representa os cotonicultores do setor produtivo. <\/p>\n<p>A justificativa da entidade, para o n\u00e3o cumprimento dos prazos, anteriormente fixados, est\u00e1 fundamentada em fatores clim\u00e1ticos e operacionais, que impactaram diretamente na atividade de colheita e, por consequ\u00eancia, na de destrui\u00e7\u00e3o das soqueiras.<\/p>\n<p>O vazio sanit\u00e1rio \u00e9 uma pr\u00e1tica essencial e prevista no Programa Nacional de Controle do Bicudo, sendo fundamental para a conviv\u00eancia com essa praga. <\/p>\n<p>Trata-se de uma medida integrada de manejo fitossanit\u00e1rio, onde a coordena\u00e7\u00e3o do per\u00edodo de proibi\u00e7\u00e3o de plantio em todo o territ\u00f3rio restringe a fonte de alimento para os insetos.<\/p>\n<p>O Termo de Compromisso e Responsabilidade, para os produtores requerentes desta prorroga\u00e7\u00e3o, est\u00e1 dispon\u00edvel no site www.adab.ba.gov.br. O descumprimento \u00e9 considerado infra\u00e7\u00e3o, com penalidades previstas em Lei.<\/p>\n<h2 class=\"wp-block-heading\" id=\"h-a-medida-vale-para-as-regioes\">A medida vale para as regi\u00f5es:<\/h2>\n<ol class=\"wp-block-list\">\n<li>Regi\u00e3o I:<\/li>\n<\/ol>\n<p>a) Bacia do Rio Corrente: Brejol\u00e2ndia, Canapolis, Cocos, Coribe, Correntina, Jaborandi, Santa Maria da Vit\u00f3ria, Santana, Serra Dourada, S\u00e3o Felix do Coribe e Tabocas do Brejo Velho e;<\/p>\n<p>b) Bacia do Rio Grande: Angical, Barreiras, Buritirama, Catolandia, Cotegipe, Crist\u00f3polis, Formosa do Rio Preto, Luis Eduardo Magalh\u00e3es, Mansid\u00e3o, Riach\u00e3o das Neves, Santa Rita de C\u00e1ssia, S\u00e3o Desid\u00e9rio.<\/p>\n<ol start=\"2\" class=\"wp-block-list\">\n<li>Regi\u00e3o II:<\/li>\n<\/ol>\n<p>a) Bacia do Rio Grande: (Microrregi\u00e3o de Campo Grande no munic\u00edpio de S\u00e3o Desid\u00e9rio, Baian\u00f3polis, Wanderley e Linha Branca no munic\u00edpio de Correntina).<\/p>\n<hr class=\"wp-block-separator has-alpha-channel-opacity\"\/>\n<p><em>Voc\u00ea tamb\u00e9m pode participar deixando uma sugest\u00e3o de pauta. Siga o\u00a0<a href=\"https:\/\/www.instagram.com\/canalruralbahia\/\">Canal Rural Bahia no Instagram<\/a>\u00a0e nos envie uma mensagem<\/em>.<\/p>\n<\/p><\/div>\n<p><script async src=\"\/\/www.instagram.com\/embed.js\"><\/script><br \/>\n<br \/><br \/>\n<br \/><a href=\"https:\/\/www.canalrural.com.br\/nacional\/bahia\/atraso-na-colheita-do-algodao-faz-adab-prorrogar-inicio-do-vazio-sanitario\/\">Source link <\/a><\/p>\n","protected":false},"excerpt":{"rendered":"<p>A Ag\u00eancia de Defesa Agropecu\u00e1ria da Bahia (Adab) concedeu, por meio de Portaria e em car\u00e1ter excepcional, novos prazos para<\/p>\n","protected":false},"author":1,"featured_media":20349,"comment_status":"open","ping_status":"open","sticky":false,"template":"","format":"standard","meta":{"_monsterinsights_skip_tracking":false,"_monsterinsights_sitenote_active":false,"_monsterinsights_sitenote_note":"","_monsterinsights_sitenote_category":0,"_uf_show_specific_survey":0,"_uf_disable_surveys":false,"footnotes":""},"categories":[1],"tags":[],"class_list":["post-20348","post","type-post","status-publish","format-standard","has-post-thumbnail","hentry","category-news"],"_links":{"self":[{"href":"https:\/\/agromt.news\/index.php?rest_route=\/wp\/v2\/posts\/20348"}],"collection":[{"href":"https:\/\/agromt.news\/index.php?rest_route=\/wp\/v2\/posts"}],"about":[{"href":"https:\/\/agromt.news\/index.php?rest_route=\/wp\/v2\/types\/post"}],"author":[{"embeddable":true,"href":"https:\/\/agromt.news\/index.php?rest_route=\/wp\/v2\/users\/1"}],"replies":[{"embeddable":true,"href":"https:\/\/agromt.news\/index.php?rest_route=%2Fwp%2Fv2%2Fcomments&post=20348"}],"version-history":[{"count":0,"href":"https:\/\/agromt.news\/index.php?rest_route=\/wp\/v2\/posts\/20348\/revisions"}],"wp:featuredmedia":[{"embeddable":true,"href":"https:\/\/agromt.news\/index.php?rest_route=\/wp\/v2\/media\/20349"}],"wp:attachment":[{"href":"https:\/\/agromt.news\/index.php?rest_route=%2Fwp%2Fv2%2Fmedia&parent=20348"}],"wp:term":[{"taxonomy":"category","embeddable":true,"href":"https:\/\/agromt.news\/index.php?rest_route=%2Fwp%2Fv2%2Fcategories&post=20348"},{"taxonomy":"post_tag","embeddable":true,"href":"https:\/\/agromt.news\/index.php?rest_route=%2Fwp%2Fv2%2Ftags&post=20348"}],"curies":[{"name":"wp","href":"https:\/\/api.w.org\/{rel}","templated":true}]}}