{"id":20347,"date":"2025-09-17T12:31:38","date_gmt":"2025-09-17T16:31:38","guid":{"rendered":"https:\/\/agromt.news\/?p=20347"},"modified":"2025-09-17T12:31:38","modified_gmt":"2025-09-17T16:31:38","slug":"balanca-comercial-tem-superavit-na-2a-semana-de-setembro","status":"publish","type":"post","link":"https:\/\/agromt.news\/?p=20347","title":{"rendered":"Balan\u00e7a comercial tem super\u00e1vit na 2\u00aa semana de setembro"},"content":{"rendered":"<p> <br \/>\n<\/p>\n<div>\n<p style=\"text-align:justify\">Na segunda semana de setembro de 2025, a balan\u00e7a comercial brasileira registrou super\u00e1vit de US$ 1,3 bilh\u00e3o e corrente de com\u00e9rcio de US$ 12,5 bilh\u00f5es, resultado de exporta\u00e7\u00f5es no valor de US$ 6,9 bilh\u00f5es e importa\u00e7\u00f5es de US$ 5,6 bilh\u00f5es. Segundo a Secretaria de Com\u00e9rcio Exterior do Minist\u00e9rio do Desenvolvimento, Ind\u00fastria, Com\u00e9rcio e Servi\u00e7os (Secex\/MDIC), \u201cno m\u00eas, as exporta\u00e7\u00f5es somam US$ 13,3 bilh\u00f5es e as importa\u00e7\u00f5es, US$ 11,5 bilh\u00f5es, com saldo positivo de US$ 1,76 bilh\u00e3o e corrente de com\u00e9rcio de US$ 24,8 bilh\u00f5es\u201d.&#13;\n<\/p>\n<p style=\"text-align:justify\">De acordo com os dados divulgados pela Secex\/MDIC, no acumulado do ano as exporta\u00e7\u00f5es totalizam US$ 240,8 bilh\u00f5es e as importa\u00e7\u00f5es, US$ 196,3 bilh\u00f5es, resultando em saldo positivo de US$ 44,6 bilh\u00f5es e corrente de com\u00e9rcio de US$ 437,1 bilh\u00f5es.<\/p>\n<p style=\"text-align:justify\">O \u00f3rg\u00e3o informou que, no comparativo mensal das exporta\u00e7\u00f5es, houve queda de 2,2% nas m\u00e9dias di\u00e1rias at\u00e9 a segunda semana de setembro de 2025 (US$ 1,326 bilh\u00e3o) frente ao mesmo per\u00edodo de 2024 (US$ 1,355 bilh\u00e3o). Em rela\u00e7\u00e3o \u00e0s importa\u00e7\u00f5es, a m\u00e9dia di\u00e1ria cresceu 3,3%, passando de US$ 1,113 bilh\u00e3o em setembro de 2024 para US$ 1,150 bilh\u00e3o em setembro de 2025.<\/p>\n<p style=\"text-align:justify\">Assim, at\u00e9 a segunda semana de setembro de 2025, a m\u00e9dia di\u00e1ria da corrente de com\u00e9rcio totalizou US$ 2,476 milh\u00f5es e o saldo, tamb\u00e9m por m\u00e9dia di\u00e1ria, foi de US$ 176,02 milh\u00f5es. Segundo a Secex\/MDIC, houve crescimento de 0,3% na corrente de com\u00e9rcio em compara\u00e7\u00e3o com a m\u00e9dia de setembro de 2024.<\/p>\n<p style=\"text-align:justify\">No acumulado at\u00e9 a segunda semana do m\u00eas de setembro de 2025, comparando com igual m\u00eas do ano anterior, o desempenho dos setores exportadores pela m\u00e9dia di\u00e1ria apresentou queda de US$ 10,73 milh\u00f5es (4,0%) em Agropecu\u00e1ria, de US$ 3,07 milh\u00f5es (1,1%) em Ind\u00fastria Extrativa e de US$ 22,02 milh\u00f5es (2,8%) em produtos da Ind\u00fastria de Transforma\u00e7\u00e3o.<\/p>\n<p style=\"text-align:justify\">No mesmo per\u00edodo, os setores importadores registraram crescimento de US$ 50,89 milh\u00f5es (5,0%) em produtos da Ind\u00fastria de Transforma\u00e7\u00e3o, queda de US$ 2,45 milh\u00f5es (11,1%) em Agropecu\u00e1ria e de US$ 6,55 milh\u00f5es (8,9%) em Ind\u00fastria Extrativa.<\/p>\n<p style=\"text-align:justify\">Segundo a Secex\/MDIC, at\u00e9 a segunda semana de setembro de 2025, o desempenho das exporta\u00e7\u00f5es por setor indicou queda de 4,0% em Agropecu\u00e1ria, que somou US$ 2,60 bilh\u00f5es; retra\u00e7\u00e3o de 1,1% em Ind\u00fastria Extrativa, que chegou a US$ 2,85 bilh\u00f5es; e queda de 2,8% em Ind\u00fastria de Transforma\u00e7\u00e3o, que alcan\u00e7ou US$ 7,64 bilh\u00f5es. A combina\u00e7\u00e3o desses resultados levou \u00e0 queda do total das exporta\u00e7\u00f5es.&#13;\n<\/p>\n<p style=\"text-align:justify\">A Secex\/MDIC apontou que a retra\u00e7\u00e3o das exporta\u00e7\u00f5es foi puxada pela queda nas vendas de animais vivos, exceto pescados ou crust\u00e1ceos (-35,0%), <a href=\"https:\/\/www.agrolink.com.br\/culturas\/soja?utm_source=agrolink-detalhe-noticia&amp;utm_medium=detalhe-noticia&amp;utm_campaign=links-internos\" target=\"_blank\" rel=\"noopener\">soja<\/a> (-7,5%) e <a href=\"https:\/\/www.agrolink.com.br\/culturas\/algodao\/\" target=\"_blank\" rel=\"noopener\">algod\u00e3o<\/a> em bruto (-29,1%) na Agropecu\u00e1ria; outros minerais em bruto (-31,2%), min\u00e9rio de <a href=\"https:\/\/www.agrolink.com.br\/fertilizantes\/nutrientes\/ferro---tudo-o-que-voce-precisa-saber-sobre-este-adubo_467530.html?utm_source=agrolink-detalhe-noticia&amp;utm_medium=detalhe-noticia&amp;utm_campaign=links-internos\" target=\"_blank\" rel=\"noopener\">Ferro<\/a> e seus concentrados (-9,7%) e min\u00e9rios de <a href=\"https:\/\/www.agrolink.com.br\/fertilizantes\/nutrientes\/niquel-nas-plantas---tudo-o-que-voce-precisa-saber_469444.html\" target=\"_blank\" rel=\"noopener\">n\u00edquel<\/a> e seus concentrados (-100,0%) na Ind\u00fastria Extrativa; e a\u00e7\u00facares e mela\u00e7os (-27,5%), celulose (-50,7%) e aeronaves e outros equipamentos, incluindo suas partes (-34,6%) na Ind\u00fastria de Transforma\u00e7\u00e3o.<\/p>\n<p style=\"text-align:justify\">Ainda assim, alguns produtos registraram aumento nas vendas: <a href=\"https:\/\/www.agrolink.com.br\/culturas\/arroz\/?utm_source=agrolink-detalhe-noticia&amp;utm_medium=detalhe-noticia&amp;utm_campaign=links-internos\" target=\"_blank\" rel=\"noopener\">arroz<\/a> com casca (140,5%), <a href=\"https:\/\/www.agrolink.com.br\/culturas\/milho?utm_source=agrolink-detalhe-noticia&amp;utm_medium=detalhe-noticia&amp;utm_campaign=links-internos&#9;\" target=\"_blank\" rel=\"noopener\">milho<\/a> n\u00e3o mo\u00eddo, exceto milho doce (2,1%) e sementes oleaginosas de <a href=\"https:\/\/www.agrolink.com.br\/culturas\/girassol?utm_source=agrolink-detalhe-noticia&amp;utm_medium=detalhe-noticia&amp;utm_campaign=links-internos\" target=\"_blank\" rel=\"noopener\">girassol<\/a>, gergelim, canola, algod\u00e3o e outras (77,9%) na Agropecu\u00e1ria; pedra, areia e cascalho (56,8%), min\u00e9rios de <a href=\"https:\/\/www.agrolink.com.br\/fertilizantes\/nutrientes\/cobre---tudo-o-que-voce-precisa-saber-sobre-este-adubo_468470.html?utm_source=agrolink-detalhe-noticia&amp;utm_medium=detalhe-noticia&amp;utm_campaign=links-internos\" target=\"_blank\" rel=\"noopener\">Cobre<\/a> e seus concentrados (7,3%) e \u00f3leos brutos de petr\u00f3leo ou de minerais betuminosos, crus (6,7%) na Ind\u00fastria Extrativa; carne bovina fresca, refrigerada ou congelada (42,6%), ve\u00edculos autom\u00f3veis de passageiros (46,9%) e ouro, n\u00e3o monet\u00e1rio, excluindo min\u00e9rios de ouro e seus concentrados (79,4%) na Ind\u00fastria de Transforma\u00e7\u00e3o.<\/p>\n<p style=\"text-align:justify\">No caso das importa\u00e7\u00f5es, at\u00e9 a segunda semana de setembro de 2025, a Secex\/MDIC informou queda de 11,1% em Agropecu\u00e1ria, que somou US$ 0,20 bilh\u00e3o; queda de 8,9% em Ind\u00fastria Extrativa, que chegou a US$ 0,67 bilh\u00e3o; e crescimento de 5,0% em Ind\u00fastria de Transforma\u00e7\u00e3o, que alcan\u00e7ou US$ 10,61 bilh\u00f5es. A combina\u00e7\u00e3o desses resultados motivou o aumento das importa\u00e7\u00f5es.<\/p>\n<p style=\"text-align:justify\">O movimento de crescimento nas importa\u00e7\u00f5es foi influenciado pela amplia\u00e7\u00e3o das compras de milho n\u00e3o mo\u00eddo, exceto milho doce (11,8%), centeio, <a href=\"https:\/\/www.agrolink.com.br\/culturas\/aveia?utm_source=agrolink-detalhe-noticia&amp;utm_medium=detalhe-noticia&amp;utm_campaign=links-internos\" target=\"_blank\" rel=\"noopener\">aveia<\/a> e outros cereais, n\u00e3o mo\u00eddos (211,6%) e soja (619,4%) na Agropecu\u00e1ria; pedra, areia e cascalho (185,2%), outros min\u00e9rios e concentrados dos metais de base (12,7%) e carv\u00e3o, mesmo em p\u00f3, mas n\u00e3o aglomerado (15,4%) na Ind\u00fastria Extrativa; medicamentos e produtos farmac\u00eauticos, exceto veterin\u00e1rios (43,4%), outros medicamentos, incluindo veterin\u00e1rios (56,8%) e motores e m\u00e1quinas n\u00e3o el\u00e9tricos e suas partes, exceto motores de pist\u00e3o e geradores (79,0%) na Ind\u00fastria de Transforma\u00e7\u00e3o.&#13;\n<\/p>\n<p style=\"text-align:justify\">Segundo a Secex\/MDIC, mesmo com o crescimento geral das importa\u00e7\u00f5es, alguns produtos apresentaram diminui\u00e7\u00e3o: <a href=\"https:\/\/www.agrolink.com.br\/culturas\/trigo\/?utm_source=agrolink-detalhe-noticia&amp;utm_medium=detalhe-noticia&amp;utm_campaign=links-internos\" target=\"_blank\" rel=\"noopener\">trigo<\/a> e centeio, n\u00e3o mo\u00eddos (-35,4%), cevada, n\u00e3o mo\u00edda (-99,7%) e l\u00e1tex, borracha natural, balata, guta-percha, guai\u00fale, chicle e gomas naturais (-28,7%) na Agropecu\u00e1ria; \u00f3leos brutos de petr\u00f3leo ou de minerais betuminosos, crus (-13,0%) e g\u00e1s natural, liquefeito ou n\u00e3o (-20,6%) na Ind\u00fastria Extrativa; \u00f3leos combust\u00edveis de petr\u00f3leo ou de minerais betuminosos, exceto \u00f3leos brutos (-10,5%), v\u00e1lvulas e tubos termi\u00f4nicas, diodos, transistores (-20,0%) e aeronaves e outros equipamentos, incluindo suas partes (-44,2%) na Ind\u00fastria de Transforma\u00e7\u00e3o.<\/p>\n<\/p><\/div>\n<p><script data-cfasync=\"false\">\n    !function (f, b, e, v, n, t, s) {\n        if (f.fbq) return; n = f.fbq = function () {\n            n.callMethod ?\n                n.callMethod.apply(n, arguments) : n.queue.push(arguments)\n        };\n        if (!f._fbq) f._fbq = n; n.push = n; n.loaded = !0; n.version = '2.0';\n        n.queue = []; t = b.createElement(e); t.async = !0;\n        t.src = v; s = b.getElementsByTagName(e)[0];\n        s.parentNode.insertBefore(t, s)\n    }(window, document, 'script',\n        'https:\/\/connect.facebook.net\/en_US\/fbevents.js');\n    fbq('init', '522546078623747');\n    fbq('track', 'PageView');\n<\/script><br \/>\n<br \/><br \/>\n<br \/><a href=\"https:\/\/www.agrolink.com.br\/noticias\/balanca-comercial-tem-superavit-na-2--semana-de-setembro_506032.html\">Source link <\/a><\/p>\n","protected":false},"excerpt":{"rendered":"<p>Na segunda semana de setembro de 2025, a balan\u00e7a comercial brasileira registrou super\u00e1vit de US$ 1,3 bilh\u00e3o e corrente de<\/p>\n","protected":false},"author":1,"featured_media":1623,"comment_status":"open","ping_status":"open","sticky":false,"template":"","format":"standard","meta":{"_monsterinsights_skip_tracking":false,"_monsterinsights_sitenote_active":false,"_monsterinsights_sitenote_note":"","_monsterinsights_sitenote_category":0,"_uf_show_specific_survey":0,"_uf_disable_surveys":false,"footnotes":""},"categories":[8,1,14],"tags":[],"class_list":["post-20347","post","type-post","status-publish","format-standard","has-post-thumbnail","hentry","category-agro","category-news","category-politica-agro"],"_links":{"self":[{"href":"https:\/\/agromt.news\/index.php?rest_route=\/wp\/v2\/posts\/20347"}],"collection":[{"href":"https:\/\/agromt.news\/index.php?rest_route=\/wp\/v2\/posts"}],"about":[{"href":"https:\/\/agromt.news\/index.php?rest_route=\/wp\/v2\/types\/post"}],"author":[{"embeddable":true,"href":"https:\/\/agromt.news\/index.php?rest_route=\/wp\/v2\/users\/1"}],"replies":[{"embeddable":true,"href":"https:\/\/agromt.news\/index.php?rest_route=%2Fwp%2Fv2%2Fcomments&post=20347"}],"version-history":[{"count":0,"href":"https:\/\/agromt.news\/index.php?rest_route=\/wp\/v2\/posts\/20347\/revisions"}],"wp:featuredmedia":[{"embeddable":true,"href":"https:\/\/agromt.news\/index.php?rest_route=\/wp\/v2\/media\/1623"}],"wp:attachment":[{"href":"https:\/\/agromt.news\/index.php?rest_route=%2Fwp%2Fv2%2Fmedia&parent=20347"}],"wp:term":[{"taxonomy":"category","embeddable":true,"href":"https:\/\/agromt.news\/index.php?rest_route=%2Fwp%2Fv2%2Fcategories&post=20347"},{"taxonomy":"post_tag","embeddable":true,"href":"https:\/\/agromt.news\/index.php?rest_route=%2Fwp%2Fv2%2Ftags&post=20347"}],"curies":[{"name":"wp","href":"https:\/\/api.w.org\/{rel}","templated":true}]}}