{"id":20341,"date":"2025-09-17T11:57:11","date_gmt":"2025-09-17T15:57:11","guid":{"rendered":"https:\/\/agromt.news\/?p=20341"},"modified":"2025-09-17T11:57:11","modified_gmt":"2025-09-17T15:57:11","slug":"brasil-esta-preparado-para-enfrentar-retaliacoes-dos-eua","status":"publish","type":"post","link":"https:\/\/agromt.news\/?p=20341","title":{"rendered":"Brasil est\u00e1 preparado para enfrentar retalia\u00e7\u00f5es dos EUA"},"content":{"rendered":"<p> <br \/>\n<br \/><img decoding=\"async\" src=\"https:\/\/agromt.news\/wp-content\/uploads\/2025\/09\/Brasil-esta-preparado-para-enfrentar-retaliacoes-dos-EUA.jpeg\" \/><\/p>\n<div>\n<p>O Brasil est\u00e1 preparado para enfrentar quaisquer retalia\u00e7\u00f5es dos Estados Unidos ap\u00f3s a condena\u00e7\u00e3o do ex-presidente Jair Bolsonaro pelo <a href=\"https:\/\/www.canalrural.com.br\/tag\/stf\/\">Supremo Tribunal Federal (STF<\/a>). Essa \u00e9 a posi\u00e7\u00e3o do ministro da Agricultura e Pecu\u00e1ria, Carlos F\u00e1varo, durante entrevista na manh\u00e3 desta quarta-feira (17) ao programa <em>Bom dia, Ministro<\/em>, da Empresa Brasileira de Comunica\u00e7\u00e3o (EBC).<\/p>\n<p>Segundo F\u00e1varo, a postura recente dos EUA n\u00e3o condiz com o hist\u00f3rico democr\u00e1tico do pa\u00eds, atualmente liderado pelo republicano <a href=\"https:\/\/www.canalrural.com.br\/tag\/donald-trump\/\">Donald Trump<\/a>. O ministro comentou a declara\u00e7\u00e3o do senador norte-americano Marco Rubio, que anunciou na semana passada a possibilidade de novas medidas contra o Brasil. <\/p>\n<p>\u201cFico triste em ver um pa\u00eds historicamente defensor da democracia interferindo em assuntos de outro pa\u00eds. N\u00e3o h\u00e1 capacidade diplom\u00e1tica para esse tipo de a\u00e7\u00e3o\u201d, afirmou.<\/p>\n<p>Apesar das amea\u00e7as, o ministro refor\u00e7ou que o Brasil mant\u00e9m sua independ\u00eancia e est\u00e1 preparado para enfrentar qualquer medida externa. \u201cEstamos prontos para lidar com altivez. O Brasil \u00e9 soberano, e qualquer a\u00e7\u00e3o ser\u00e1 enfrentada de cabe\u00e7a erguida\u201d, destacou.<\/p>\n<h3 class=\"wp-block-heading\" id=\"h-suporte-aos-exportadores\">Suporte aos exportadores<\/h3>\n<p>Al\u00e9m da posi\u00e7\u00e3o diplom\u00e1tica, o governo brasileiro refor\u00e7ou medidas de apoio aos produtores e exportadores afetados por barreiras externas. A medida provis\u00f3ria <a href=\"https:\/\/www.canalrural.com.br\/tag\/brasil-soberano\/\">Brasil Soberano<\/a>, j\u00e1 em vigor, amplia linhas de cr\u00e9dito e oferece condi\u00e7\u00f5es especiais para empresas que sofreram dificuldades nas exporta\u00e7\u00f5es devido \u00e0s taxa\u00e7\u00f5es norte-americanas.<\/p>\n<p>De acordo com F\u00e1varo, qualquer empres\u00e1rio ou produtor que comprovar dificuldades em manter suas exporta\u00e7\u00f5es poder\u00e1 acessar a linha de cr\u00e9dito, garantindo capital de giro e continuidade da produ\u00e7\u00e3o. \u201c\u00c9 uma forma de enfrentar desafios externos sem comprometer a competitividade do agroneg\u00f3cio brasileiro\u201d, explicou.<\/p>\n<p>Al\u00e9m disso, o ministro destacou que o governo est\u00e1 atento ao restabelecimento das rela\u00e7\u00f5es comerciais internacionais. \u201cNos \u00faltimos dois anos, abrimos mais de 400 mercados para produtos brasileiros. O objetivo \u00e9 garantir estabilidade na produ\u00e7\u00e3o, seguran\u00e7a para o consumidor e expans\u00e3o do agroneg\u00f3cio\u201d, disse.<\/p>\n<h3 class=\"wp-block-heading\" id=\"h-brasil-soberano\">Brasil Soberano<\/h3>\n<p>A linha Brasil Soberano, lan\u00e7ada em 13 de agosto pelo governo federal, refor\u00e7a a capacidade do pa\u00eds de proteger seus exportadores frente a barreiras externas. Com cr\u00e9dito facilitado e garantias para empresas impactadas pelo tarifa\u00e7o, a medida garante que produtores e empresas possam manter o fluxo de exporta\u00e7\u00f5es.<\/p>\n<p>Ainda conforme F\u00e1varo, recursos do BNDES, do Banco do Brasil e da Caixa Econ\u00f4mica Federal est\u00e3o dispon\u00edveis para quem comprovar dificuldades em manter as vendas internacionais.<\/p>\n<\/p><\/div>\n<p><br \/>\n<br \/><a href=\"https:\/\/www.canalrural.com.br\/agricultura\/favaro-brasil-esta-preparado-para-enfrentar-retaliacoes-dos-eua\/\">Source link <\/a><\/p>\n","protected":false},"excerpt":{"rendered":"<p>O Brasil est\u00e1 preparado para enfrentar quaisquer retalia\u00e7\u00f5es dos Estados Unidos ap\u00f3s a condena\u00e7\u00e3o do ex-presidente Jair Bolsonaro pelo Supremo<\/p>\n","protected":false},"author":1,"featured_media":20342,"comment_status":"open","ping_status":"open","sticky":false,"template":"","format":"standard","meta":{"_monsterinsights_skip_tracking":false,"_monsterinsights_sitenote_active":false,"_monsterinsights_sitenote_note":"","_monsterinsights_sitenote_category":0,"_uf_show_specific_survey":0,"_uf_disable_surveys":false,"footnotes":""},"categories":[1],"tags":[],"class_list":["post-20341","post","type-post","status-publish","format-standard","has-post-thumbnail","hentry","category-news"],"_links":{"self":[{"href":"https:\/\/agromt.news\/index.php?rest_route=\/wp\/v2\/posts\/20341"}],"collection":[{"href":"https:\/\/agromt.news\/index.php?rest_route=\/wp\/v2\/posts"}],"about":[{"href":"https:\/\/agromt.news\/index.php?rest_route=\/wp\/v2\/types\/post"}],"author":[{"embeddable":true,"href":"https:\/\/agromt.news\/index.php?rest_route=\/wp\/v2\/users\/1"}],"replies":[{"embeddable":true,"href":"https:\/\/agromt.news\/index.php?rest_route=%2Fwp%2Fv2%2Fcomments&post=20341"}],"version-history":[{"count":0,"href":"https:\/\/agromt.news\/index.php?rest_route=\/wp\/v2\/posts\/20341\/revisions"}],"wp:featuredmedia":[{"embeddable":true,"href":"https:\/\/agromt.news\/index.php?rest_route=\/wp\/v2\/media\/20342"}],"wp:attachment":[{"href":"https:\/\/agromt.news\/index.php?rest_route=%2Fwp%2Fv2%2Fmedia&parent=20341"}],"wp:term":[{"taxonomy":"category","embeddable":true,"href":"https:\/\/agromt.news\/index.php?rest_route=%2Fwp%2Fv2%2Fcategories&post=20341"},{"taxonomy":"post_tag","embeddable":true,"href":"https:\/\/agromt.news\/index.php?rest_route=%2Fwp%2Fv2%2Ftags&post=20341"}],"curies":[{"name":"wp","href":"https:\/\/api.w.org\/{rel}","templated":true}]}}