{"id":20340,"date":"2025-09-17T11:42:48","date_gmt":"2025-09-17T15:42:48","guid":{"rendered":"https:\/\/agromt.news\/?p=20340"},"modified":"2025-09-17T11:42:48","modified_gmt":"2025-09-17T15:42:48","slug":"governo-publica-mp-que-libera-r-12-bilhoes-para-renegociacao-de-dividas-rurais","status":"publish","type":"post","link":"https:\/\/agromt.news\/?p=20340","title":{"rendered":"Governo publica MP que libera R$ 12 bilh\u00f5es para renegocia\u00e7\u00e3o de d\u00edvidas rurais"},"content":{"rendered":"<p> <br \/>\n<br \/><img decoding=\"async\" src=\"https:\/\/agromt.news\/wp-content\/uploads\/2025\/07\/Ajuda-do-governo-federal-aos-setores-impactados-por-tarifaco-deve.jpg\" \/><\/p>\n<div>\n<p>O governo federal publicou nesta quarta-feira (17), no Di\u00e1rio Oficial da Uni\u00e3o (DOU), a Medida Provis\u00f3ria (MP) 1.316\/2025, que abre <a href=\"https:\/\/www.canalrural.com.br\/nacional\/governo-anuncia-r-12-bilhoes-para-renegociacao-de-dividas-de-produtores-rurais\/\">cr\u00e9dito extraordin\u00e1rio de R$ 12 bilh\u00f5es para a liquida\u00e7\u00e3o ou amortiza\u00e7\u00e3o de d\u00edvidas de produtores rurais<\/a>.<\/p>\n<p>Agora, o texto precisa ser analisado pelo Congresso Nacional, que tem at\u00e9 120 dias para votar a medida. As MPs entram em vigor imediatamente ap\u00f3s a publica\u00e7\u00e3o, mas perdem validade se n\u00e3o forem apreciadas pela C\u00e2mara dos Deputados e pelo Senado dentro do prazo.<\/p>\n<p>O cr\u00e9dito extraordin\u00e1rio foi autorizado para atender produtores afetados por eventos clim\u00e1ticos adversos, como secas prolongadas e enchentes. A expectativa do governo \u00e9 beneficiar cerca de 100 mil pequenos, m\u00e9dios e grandes produtores. Segundo o Executivo, os empr\u00e9stimos ter\u00e3o taxas de juros subsidiadas, menores que as praticadas no mercado, e o montante n\u00e3o ter\u00e1 impacto no teto de gastos.<\/p>\n<\/p><\/div>\n<p><br \/>\n<br \/><a href=\"https:\/\/www.canalrural.com.br\/agricultura\/governo-publica-mp-que-libera-r-12-bilhoes-para-renegociacao-de-dividas-rurais\/\">Source link <\/a><\/p>\n","protected":false},"excerpt":{"rendered":"<p>O governo federal publicou nesta quarta-feira (17), no Di\u00e1rio Oficial da Uni\u00e3o (DOU), a Medida Provis\u00f3ria (MP) 1.316\/2025, que abre<\/p>\n","protected":false},"author":1,"featured_media":17645,"comment_status":"open","ping_status":"open","sticky":false,"template":"","format":"standard","meta":{"_monsterinsights_skip_tracking":false,"_monsterinsights_sitenote_active":false,"_monsterinsights_sitenote_note":"","_monsterinsights_sitenote_category":0,"_uf_show_specific_survey":0,"_uf_disable_surveys":false,"footnotes":""},"categories":[1],"tags":[],"class_list":["post-20340","post","type-post","status-publish","format-standard","has-post-thumbnail","hentry","category-news"],"_links":{"self":[{"href":"https:\/\/agromt.news\/index.php?rest_route=\/wp\/v2\/posts\/20340"}],"collection":[{"href":"https:\/\/agromt.news\/index.php?rest_route=\/wp\/v2\/posts"}],"about":[{"href":"https:\/\/agromt.news\/index.php?rest_route=\/wp\/v2\/types\/post"}],"author":[{"embeddable":true,"href":"https:\/\/agromt.news\/index.php?rest_route=\/wp\/v2\/users\/1"}],"replies":[{"embeddable":true,"href":"https:\/\/agromt.news\/index.php?rest_route=%2Fwp%2Fv2%2Fcomments&post=20340"}],"version-history":[{"count":0,"href":"https:\/\/agromt.news\/index.php?rest_route=\/wp\/v2\/posts\/20340\/revisions"}],"wp:featuredmedia":[{"embeddable":true,"href":"https:\/\/agromt.news\/index.php?rest_route=\/wp\/v2\/media\/17645"}],"wp:attachment":[{"href":"https:\/\/agromt.news\/index.php?rest_route=%2Fwp%2Fv2%2Fmedia&parent=20340"}],"wp:term":[{"taxonomy":"category","embeddable":true,"href":"https:\/\/agromt.news\/index.php?rest_route=%2Fwp%2Fv2%2Fcategories&post=20340"},{"taxonomy":"post_tag","embeddable":true,"href":"https:\/\/agromt.news\/index.php?rest_route=%2Fwp%2Fv2%2Ftags&post=20340"}],"curies":[{"name":"wp","href":"https:\/\/api.w.org\/{rel}","templated":true}]}}