{"id":20339,"date":"2025-09-17T11:29:12","date_gmt":"2025-09-17T15:29:12","guid":{"rendered":"https:\/\/agromt.news\/?p=20339"},"modified":"2025-09-17T11:29:12","modified_gmt":"2025-09-17T15:29:12","slug":"anec-revisa-estimativas-de-exportacao-de-soja-farelo-e-milho","status":"publish","type":"post","link":"https:\/\/agromt.news\/?p=20339","title":{"rendered":"Anec revisa estimativas de exporta\u00e7\u00e3o de soja, farelo e milho"},"content":{"rendered":"<p> <br \/>\n<br \/><img decoding=\"async\" src=\"https:\/\/agromt.news\/wp-content\/uploads\/2025\/07\/Farelo-recua-e-oleo-de-soja-sobe-em-Mato-Grosso.jpg\" \/><\/p>\n<div>\n<p>A Associa\u00e7\u00e3o Nacional dos Exportadores de Cereais (<a href=\"https:\/\/anec.com.br\/\">Anec<\/a>) fez um leve ajuste positivo nas proje\u00e7\u00f5es para os embarques brasileiros de gr\u00e3os e derivados neste m\u00eas de setembro.<\/p>\n<ul class=\"wp-block-list\">\n<li><strong><em>Fique por dentro das novidades e not\u00edcias recentes sobre a soja! Participe da nossa comunidade atrav\u00e9s do\u00a0<a href=\"https:\/\/chat.whatsapp.com\/BmMRwA0TZ2DHGyhzoaVEWu\">link<\/a>! \ud83c\udf31<\/em><\/strong><\/li>\n<\/ul>\n<p>Segundo a nova atualiza\u00e7\u00e3o semanal, as <a href=\"https:\/\/www.canalrural.com.br\/agricultura\/projeto-soja-brasil\/porto-de-paranagua-lidera-exportacoes-de-soja-no-brasil-2\/\">exporta\u00e7\u00f5es <\/a>de soja devem atingir 7,53 milh\u00f5es de toneladas, ligeiramente acima das 7,43 milh\u00f5es previstas anteriormente. Em rela\u00e7\u00e3o ao mesmo per\u00edodo do ano passado, o <a href=\"https:\/\/www.canalrural.com.br\/?s=exporta%C3%A7%C3%B5es+de+soja#google_vignette\">volume <\/a>representa um aumento de cerca de 2,3 milh\u00f5es de toneladas.<\/p>\n<h3 class=\"wp-block-heading\" id=\"h-farelo-de-soja\">Farelo de soja<\/h3>\n<p>O farelo de soja tamb\u00e9m teve proje\u00e7\u00e3o revisada para cima: a exporta\u00e7\u00e3o deve alcan\u00e7ar 2,19 milh\u00f5es de toneladas, frente aos 2,11 milh\u00f5es calculados na semana passada e aos 1,6 milh\u00e3o embarcados em igual m\u00eas do ano anterior.<\/p>\n<h3 class=\"wp-block-heading\" id=\"h-milho\">Milho <\/h3>\n<p>No caso do milho, a estimativa passou de 6,96 milh\u00f5es para 7,12 milh\u00f5es de toneladas. Se confirmado, o n\u00famero ficar\u00e1 mais de 500 mil toneladas acima do registrado em setembro de 2024.<\/p>\n<\/p><\/div>\n<p><br \/>\n<br \/><a href=\"https:\/\/www.canalrural.com.br\/agricultura\/projeto-soja-brasil\/anec-revisa-estimativas-de-exportacao-de-soja-farelo-e-milho\/\">Source link <\/a><\/p>\n","protected":false},"excerpt":{"rendered":"<p>A Associa\u00e7\u00e3o Nacional dos Exportadores de Cereais (Anec) fez um leve ajuste positivo nas proje\u00e7\u00f5es para os embarques brasileiros de<\/p>\n","protected":false},"author":1,"featured_media":17631,"comment_status":"open","ping_status":"open","sticky":false,"template":"","format":"standard","meta":{"_monsterinsights_skip_tracking":false,"_monsterinsights_sitenote_active":false,"_monsterinsights_sitenote_note":"","_monsterinsights_sitenote_category":0,"_uf_show_specific_survey":0,"_uf_disable_surveys":false,"footnotes":""},"categories":[1],"tags":[],"class_list":["post-20339","post","type-post","status-publish","format-standard","has-post-thumbnail","hentry","category-news"],"_links":{"self":[{"href":"https:\/\/agromt.news\/index.php?rest_route=\/wp\/v2\/posts\/20339"}],"collection":[{"href":"https:\/\/agromt.news\/index.php?rest_route=\/wp\/v2\/posts"}],"about":[{"href":"https:\/\/agromt.news\/index.php?rest_route=\/wp\/v2\/types\/post"}],"author":[{"embeddable":true,"href":"https:\/\/agromt.news\/index.php?rest_route=\/wp\/v2\/users\/1"}],"replies":[{"embeddable":true,"href":"https:\/\/agromt.news\/index.php?rest_route=%2Fwp%2Fv2%2Fcomments&post=20339"}],"version-history":[{"count":0,"href":"https:\/\/agromt.news\/index.php?rest_route=\/wp\/v2\/posts\/20339\/revisions"}],"wp:featuredmedia":[{"embeddable":true,"href":"https:\/\/agromt.news\/index.php?rest_route=\/wp\/v2\/media\/17631"}],"wp:attachment":[{"href":"https:\/\/agromt.news\/index.php?rest_route=%2Fwp%2Fv2%2Fmedia&parent=20339"}],"wp:term":[{"taxonomy":"category","embeddable":true,"href":"https:\/\/agromt.news\/index.php?rest_route=%2Fwp%2Fv2%2Fcategories&post=20339"},{"taxonomy":"post_tag","embeddable":true,"href":"https:\/\/agromt.news\/index.php?rest_route=%2Fwp%2Fv2%2Ftags&post=20339"}],"curies":[{"name":"wp","href":"https:\/\/api.w.org\/{rel}","templated":true}]}}