{"id":20336,"date":"2025-09-17T11:01:02","date_gmt":"2025-09-17T15:01:02","guid":{"rendered":"https:\/\/agromt.news\/?p=20336"},"modified":"2025-09-17T11:01:02","modified_gmt":"2025-09-17T15:01:02","slug":"precos-externos-e-taxa-de-cambio-pressionam-cotacoes-do-algodao","status":"publish","type":"post","link":"https:\/\/agromt.news\/?p=20336","title":{"rendered":"Pre\u00e7os externos e taxa de c\u00e2mbio pressionam cota\u00e7\u00f5es do algod\u00e3o"},"content":{"rendered":"<p> <br \/>\n<br \/><img decoding=\"async\" src=\"https:\/\/agromt.news\/wp-content\/uploads\/2024\/09\/camara-setorial-estima-aumento-da-area-na-temporada-202425.jpg\" \/><\/p>\n<div>\n<p>Os pre\u00e7os do algod\u00e3o em pluma seguem enfraquecidos. \u00c9 isso o que mostram os levantamentos do <a href=\"https:\/\/www.canalrural.com.br\/tag\/cepea\/\">Centro de Estudos Avan\u00e7ados em Economia Aplicada (Cepea).<\/a><\/p>\n<p>De acordo com o Centro de Pesquisas, a press\u00e3o vem da queda externa. Os contratos na Bolsa de Nova York (ICE Futures) operam em baixos patamares. O d\u00f3lar, que registra a menor cota\u00e7\u00e3o desde meados de 2024, tamb\u00e9m vem pressionando o algod\u00e3o.<\/p>\n<p>Al\u00e9m disso, a paridade de exporta\u00e7\u00e3o caiu aos n\u00edveis observados em dezembro de 2020. Pesquisadores explicam que, esse cen\u00e1rio, aliado \u00e0 expectativa de safra recorde no Brasil e \u00e0 demanda interna contida, mant\u00e9m as cota\u00e7\u00f5es dom\u00e9sticas em queda.<\/p>\n<p>No acumulado da primeira quinzena, o Indicador Cepea\/Esalq (pagamento em oito dias) recuou 6%, encerrando o dia 15 a R$ 3,6703\/lp. Vale destacar que, no dia 12, o Indicador fechou a R$ 3,6590\/lp, o menor nominal desde 6 de julho de 2023.\u00a0<\/p>\n<p>No campo, a colheita da temporada 2024\/25 caminha para o final, com a produ\u00e7\u00e3o devendo alcan\u00e7ar, pela primeira vez, 4 milh\u00f5es de toneladas. Este valor est\u00e1 9,7% acima do de 2023\/24, conforme relat\u00f3rio da Conab deste m\u00eas.<\/p>\n<p><em>*Sob supervis\u00e3o de Luis Roberto Toledo<\/em><\/p>\n<\/p><\/div>\n<p><br \/>\n<br \/><a href=\"https:\/\/www.canalrural.com.br\/agricultura\/precos-externos-e-taxa-de-cambio-pressionam-cotacoes-do-algodao\/\">Source link <\/a><\/p>\n","protected":false},"excerpt":{"rendered":"<p>Os pre\u00e7os do algod\u00e3o em pluma seguem enfraquecidos. \u00c9 isso o que mostram os levantamentos do Centro de Estudos Avan\u00e7ados<\/p>\n","protected":false},"author":1,"featured_media":1923,"comment_status":"open","ping_status":"open","sticky":false,"template":"","format":"standard","meta":{"_monsterinsights_skip_tracking":false,"_monsterinsights_sitenote_active":false,"_monsterinsights_sitenote_note":"","_monsterinsights_sitenote_category":0,"_uf_show_specific_survey":0,"_uf_disable_surveys":false,"footnotes":""},"categories":[1],"tags":[],"class_list":["post-20336","post","type-post","status-publish","format-standard","has-post-thumbnail","hentry","category-news"],"_links":{"self":[{"href":"https:\/\/agromt.news\/index.php?rest_route=\/wp\/v2\/posts\/20336"}],"collection":[{"href":"https:\/\/agromt.news\/index.php?rest_route=\/wp\/v2\/posts"}],"about":[{"href":"https:\/\/agromt.news\/index.php?rest_route=\/wp\/v2\/types\/post"}],"author":[{"embeddable":true,"href":"https:\/\/agromt.news\/index.php?rest_route=\/wp\/v2\/users\/1"}],"replies":[{"embeddable":true,"href":"https:\/\/agromt.news\/index.php?rest_route=%2Fwp%2Fv2%2Fcomments&post=20336"}],"version-history":[{"count":0,"href":"https:\/\/agromt.news\/index.php?rest_route=\/wp\/v2\/posts\/20336\/revisions"}],"wp:featuredmedia":[{"embeddable":true,"href":"https:\/\/agromt.news\/index.php?rest_route=\/wp\/v2\/media\/1923"}],"wp:attachment":[{"href":"https:\/\/agromt.news\/index.php?rest_route=%2Fwp%2Fv2%2Fmedia&parent=20336"}],"wp:term":[{"taxonomy":"category","embeddable":true,"href":"https:\/\/agromt.news\/index.php?rest_route=%2Fwp%2Fv2%2Fcategories&post=20336"},{"taxonomy":"post_tag","embeddable":true,"href":"https:\/\/agromt.news\/index.php?rest_route=%2Fwp%2Fv2%2Ftags&post=20336"}],"curies":[{"name":"wp","href":"https:\/\/api.w.org\/{rel}","templated":true}]}}