{"id":20335,"date":"2025-09-17T10:47:02","date_gmt":"2025-09-17T14:47:02","guid":{"rendered":"https:\/\/agromt.news\/?p=20335"},"modified":"2025-09-17T10:47:02","modified_gmt":"2025-09-17T14:47:02","slug":"cafe-perde-volume-em-exportacoes-mas-arrecadacao-e-recorde","status":"publish","type":"post","link":"https:\/\/agromt.news\/?p=20335","title":{"rendered":"Caf\u00e9 perde volume em exporta\u00e7\u00f5es, mas arrecada\u00e7\u00e3o \u00e9 recorde"},"content":{"rendered":"<p> <br \/>\n<br \/><img decoding=\"async\" src=\"https:\/\/agromt.news\/wp-content\/uploads\/2024\/11\/cafe-integracao-abelha.jpg\" \/><\/p>\n<div>\n<p>As exporta\u00e7\u00f5es brasileiras de caf\u00e9 iniciam a safra 2025\/26 em volume bastante limitado, conforme apontam dados do <a href=\"https:\/\/www.canalrural.com.br\/tag\/cecafe\/\">Conselho dos Exportadores de Caf\u00e9 do Brasil (Cecaf\u00e9)<\/a>.\u00a0\u00a0<\/p>\n<p>Foram 5,89 milh\u00f5es de sacas embarcadas de julho a agosto de 2025, queda de 22,3% frente ao mesmo intervalo da temporada anterior, ou 1,695 milh\u00e3o de sacas a menos.\u00a0Trata-se, tamb\u00e9m, da menor quantidade exportada desde 2022\/23.\u00a0<\/p>\n<p>Segundo pesquisadores do <a href=\"https:\/\/www.canalrural.com.br\/tag\/cepea\/\">Cepea<\/a>, o fraco desempenho est\u00e1 atrelado \u00e0 redu\u00e7\u00e3o do volume colhido na atual safra nacional. Em partes, tamb\u00e9m est\u00e1 relacionado aos efeitos da sobretaxa imposta pelos Estados Unidos em agosto. Com isso o pa\u00eds americano perdeu o posto de principal destino do caf\u00e9 brasileiro para a Alemanha.<\/p>\n<p>Por outro lado, diante dos pre\u00e7os m\u00e9dios em d\u00f3lar mais elevados, a receita obtida com as vendas externas do Brasil nestes dois primeiros meses da temporada 2025\/26 \u00e9 recorde para o per\u00edodo, de US$ 2,14 bilh\u00f5es.<\/p>\n<p><em>*Sob supervis\u00e3o de Luis Roberto Toledo<\/em><\/p>\n<\/p><\/div>\n<p><br \/>\n<br \/><a href=\"https:\/\/www.canalrural.com.br\/agricultura\/cafe-perde-volume-em-exportacoes-mas-arrecadacao-e-recorde\/\">Source link <\/a><\/p>\n","protected":false},"excerpt":{"rendered":"<p>As exporta\u00e7\u00f5es brasileiras de caf\u00e9 iniciam a safra 2025\/26 em volume bastante limitado, conforme apontam dados do Conselho dos Exportadores<\/p>\n","protected":false},"author":1,"featured_media":4377,"comment_status":"open","ping_status":"open","sticky":false,"template":"","format":"standard","meta":{"_monsterinsights_skip_tracking":false,"_monsterinsights_sitenote_active":false,"_monsterinsights_sitenote_note":"","_monsterinsights_sitenote_category":0,"_uf_show_specific_survey":0,"_uf_disable_surveys":false,"footnotes":""},"categories":[1],"tags":[],"class_list":["post-20335","post","type-post","status-publish","format-standard","has-post-thumbnail","hentry","category-news"],"_links":{"self":[{"href":"https:\/\/agromt.news\/index.php?rest_route=\/wp\/v2\/posts\/20335"}],"collection":[{"href":"https:\/\/agromt.news\/index.php?rest_route=\/wp\/v2\/posts"}],"about":[{"href":"https:\/\/agromt.news\/index.php?rest_route=\/wp\/v2\/types\/post"}],"author":[{"embeddable":true,"href":"https:\/\/agromt.news\/index.php?rest_route=\/wp\/v2\/users\/1"}],"replies":[{"embeddable":true,"href":"https:\/\/agromt.news\/index.php?rest_route=%2Fwp%2Fv2%2Fcomments&post=20335"}],"version-history":[{"count":0,"href":"https:\/\/agromt.news\/index.php?rest_route=\/wp\/v2\/posts\/20335\/revisions"}],"wp:featuredmedia":[{"embeddable":true,"href":"https:\/\/agromt.news\/index.php?rest_route=\/wp\/v2\/media\/4377"}],"wp:attachment":[{"href":"https:\/\/agromt.news\/index.php?rest_route=%2Fwp%2Fv2%2Fmedia&parent=20335"}],"wp:term":[{"taxonomy":"category","embeddable":true,"href":"https:\/\/agromt.news\/index.php?rest_route=%2Fwp%2Fv2%2Fcategories&post=20335"},{"taxonomy":"post_tag","embeddable":true,"href":"https:\/\/agromt.news\/index.php?rest_route=%2Fwp%2Fv2%2Ftags&post=20335"}],"curies":[{"name":"wp","href":"https:\/\/api.w.org\/{rel}","templated":true}]}}