{"id":20334,"date":"2025-09-17T10:34:20","date_gmt":"2025-09-17T14:34:20","guid":{"rendered":"https:\/\/agromt.news\/?p=20334"},"modified":"2025-09-17T10:34:20","modified_gmt":"2025-09-17T14:34:20","slug":"demanda-aquece-esmagamento-de-soja-no-mato-grosso","status":"publish","type":"post","link":"https:\/\/agromt.news\/?p=20334","title":{"rendered":"Demanda aquece esmagamento de soja no Mato Grosso"},"content":{"rendered":"<p> <br \/>\n<\/p>\n<div>\n<div class=\"row\">\n<div class=\"col-lg col-infos mt-0 mt-lg-0\">\n<div class=\"section-sub-title\">\n<p itemprop=\"description\">&#13;<br \/>\n                                Estado processa 1,19 milh\u00f5es de toneladas de soja em agosto&#13;\n                            <\/p>\n<\/p><\/div>\n<div class=\"container\">\n<div class=\"row\">\n<div class=\"col-lg p-0\">\n<div>\n<div class=\"block-news-main-infos mt-3 text-start\">\n<p>                                            <strong class=\"fn\" itemprop=\"author\" style=\"color: rgb(112, 112, 112); \">&#13;<br \/>\n                                                <a href=\"https:\/\/www.agrolink.com.br\/noticias\/javascript:;\" class=\"text-uppercase\" target=\"_blank\" style=\"color: rgb(112, 112, 112); \" rel=\"noopener\">Agrolink<\/a>&#13;<br \/>\n&#13;<br \/>\n                                                    &#8211; Seane Lennon&#13;<br \/>\n&#13;<br \/>\n                                            <\/strong><br \/>\n                                        <\/p>\n<p>                                            <abbr><time datetime=\"2025 - 09 - 16T12:58\" itemprop=\"datePublished dateModified\"> Publicado em 16\/09\/2025 \u00e0s 12:58h.<\/time><\/abbr>\n                                    <\/div>\n<\/p><\/div>\n<\/p><\/div>\n<div class=\"col-lg p-0 text-lg-end\">\n<div>\n<div id=\"mdEnviarPagina\" class=\"modal fade\" role=\"dialog\">\n<div class=\"modal-dialog\">\n<div class=\"modal-content\">\n<div class=\"modal-body\">\n<p><strong>Estimado usu\u00e1rio.<\/strong><br \/>Preencha o formul\u00e1rio abaixo para remeter a p\u00e1gina.<\/p>\n<\/p><\/div>\n<\/p><\/div>\n<\/p><\/div>\n<\/div><\/div>\n<\/p><\/div>\n<\/p><\/div>\n<\/p><\/div>\n<\/p><\/div>\n<\/p><\/div>\n<div class=\"row justify-content-md-center mt-3\">\n<div class=\"col-lg-auto col-image block-news-main-image\">\n<p>                                <img decoding=\"async\" src=\"https:\/\/www.agrolink.com.br\/upload\/imagens-resizes\/595835091187433ca7185574dbaae880_858x483.jpg\" class=\"lazyload img-fluid\"\/><br \/>\n                                                <span class=\"publicity-photo d-block mt-1\">Foto: USDA<\/span><\/p><\/div>\n<\/p><\/div>\n<div class=\"section-description section-description-noticias mt-3\">\n<p style=\"text-align:justify\">Segundo a an\u00e1lise semanal divulgada pelo Instituto Mato-Grossense de Economia Agropecu\u00e1ria (Imea) nesta segunda-feira (15), em agosto de 2025, o esmagamento de <a href=\"https:\/\/www.agrolink.com.br\/culturas\/soja?utm_source=agrolink-detalhe-noticia&amp;utm_medium=detalhe-noticia&amp;utm_campaign=links-internos\" target=\"_blank\" rel=\"noopener\">soja<\/a> em Mato Grosso atingiu 1,19 milh\u00e3o de toneladas, alta de 0,54% em rela\u00e7\u00e3o a julho de 2025 e de 15,22% frente a agosto de 2024. O instituto destacou que o resultado foi \u201cimpulsionado pela forte demanda interna por subprodutos da oleaginosa e pela procura aquecida pelo farelo de soja no mercado internacional\u201d.&#13;\n<\/p>\n<p style=\"text-align:justify\">Para ilustrar, o Imea informou que \u201cas exporta\u00e7\u00f5es do proteico no m\u00eas totalizaram 740,99 mil toneladas, aumento de 9,07% quando comparado a julho de 2025 e de 31,83% na compara\u00e7\u00e3o com o mesmo per\u00edodo do ano passado\u201d.<\/p>\n<p style=\"text-align:justify\">Ainda conforme informantes do Imea, \u201co volume processado em agosto de 2025 s\u00f3 n\u00e3o foi maior porque algumas esmagadoras de menor porte relataram maior dificuldade na compra de soja, diante da menor disponibilidade do gr\u00e3o no estado\u201d.<\/p>\n<p style=\"text-align:justify\">No acumulado de janeiro a agosto de 2025, o volume processado somou 9,08 milh\u00f5es de toneladas, um acr\u00e9scimo de 5,13% ante o mesmo per\u00edodo de 2024, segundo o instituto.<\/p>\n<p style=\"text-align:justify\">Por fim, o Imea informou que \u201ca margem bruta das ind\u00fastrias em agosto fechou na m\u00e9dia de R$ 403,37 por tonelada, queda de 7,01% comparado com julho de 2025, motivada pelo aumento dos pre\u00e7os da soja em gr\u00e3o em rela\u00e7\u00e3o aos coprodutos\u201d.<\/p>\n<\/p><\/div>\n<\/p><\/div>\n<p><script data-cfasync=\"false\">\n    !function (f, b, e, v, n, t, s) {\n        if (f.fbq) return; n = f.fbq = function () {\n            n.callMethod ?\n                n.callMethod.apply(n, arguments) : n.queue.push(arguments)\n        };\n        if (!f._fbq) f._fbq = n; n.push = n; n.loaded = !0; n.version = '2.0';\n        n.queue = []; t = b.createElement(e); t.async = !0;\n        t.src = v; s = b.getElementsByTagName(e)[0];\n        s.parentNode.insertBefore(t, s)\n    }(window, document, 'script',\n        'https:\/\/connect.facebook.net\/en_US\/fbevents.js');\n    fbq('init', '522546078623747');\n    fbq('track', 'PageView');\n<\/script><br \/>\n<br \/><br \/>\n<br \/><a href=\"https:\/\/www.agrolink.com.br\/noticias\/demanda-aquece-esmagamento-de-soja-no-mato-grosso_506033.html\">Source link <\/a><\/p>\n","protected":false},"excerpt":{"rendered":"<p>&#13; Estado processa 1,19 milh\u00f5es de toneladas de soja em agosto&#13; &#13; Agrolink&#13; &#13; &#8211; Seane Lennon&#13; &#13; Publicado em<\/p>\n","protected":false},"author":1,"featured_media":5826,"comment_status":"open","ping_status":"open","sticky":false,"template":"","format":"standard","meta":{"_monsterinsights_skip_tracking":false,"_monsterinsights_sitenote_active":false,"_monsterinsights_sitenote_note":"","_monsterinsights_sitenote_category":0,"_uf_show_specific_survey":0,"_uf_disable_surveys":false,"footnotes":""},"categories":[8,1,14],"tags":[],"class_list":["post-20334","post","type-post","status-publish","format-standard","has-post-thumbnail","hentry","category-agro","category-news","category-politica-agro"],"_links":{"self":[{"href":"https:\/\/agromt.news\/index.php?rest_route=\/wp\/v2\/posts\/20334"}],"collection":[{"href":"https:\/\/agromt.news\/index.php?rest_route=\/wp\/v2\/posts"}],"about":[{"href":"https:\/\/agromt.news\/index.php?rest_route=\/wp\/v2\/types\/post"}],"author":[{"embeddable":true,"href":"https:\/\/agromt.news\/index.php?rest_route=\/wp\/v2\/users\/1"}],"replies":[{"embeddable":true,"href":"https:\/\/agromt.news\/index.php?rest_route=%2Fwp%2Fv2%2Fcomments&post=20334"}],"version-history":[{"count":0,"href":"https:\/\/agromt.news\/index.php?rest_route=\/wp\/v2\/posts\/20334\/revisions"}],"wp:featuredmedia":[{"embeddable":true,"href":"https:\/\/agromt.news\/index.php?rest_route=\/wp\/v2\/media\/5826"}],"wp:attachment":[{"href":"https:\/\/agromt.news\/index.php?rest_route=%2Fwp%2Fv2%2Fmedia&parent=20334"}],"wp:term":[{"taxonomy":"category","embeddable":true,"href":"https:\/\/agromt.news\/index.php?rest_route=%2Fwp%2Fv2%2Fcategories&post=20334"},{"taxonomy":"post_tag","embeddable":true,"href":"https:\/\/agromt.news\/index.php?rest_route=%2Fwp%2Fv2%2Ftags&post=20334"}],"curies":[{"name":"wp","href":"https:\/\/api.w.org\/{rel}","templated":true}]}}