{"id":20332,"date":"2025-09-17T09:50:59","date_gmt":"2025-09-17T13:50:59","guid":{"rendered":"https:\/\/agromt.news\/?p=20332"},"modified":"2025-09-17T09:50:59","modified_gmt":"2025-09-17T13:50:59","slug":"como-agrominerais-estao-transformando-solos-e-lavouras-no-nordeste","status":"publish","type":"post","link":"https:\/\/agromt.news\/?p=20332","title":{"rendered":"como agrominerais est\u00e3o transformando solos e lavouras no Nordeste"},"content":{"rendered":"<p> <br \/>\n<\/p>\n<div>\n<p>No cora\u00e7\u00e3o do Planalto baiano, em Barra do Cho\u00e7a, o agricultor Idimar Paes cultiva h\u00e1 tr\u00eas d\u00e9cadas o caf\u00e9 ar\u00e1bica em 25 hectares de terra. Produtor de caf\u00e9s especiais, ele viu sua lavoura ganhar novo f\u00f4lego quando decidiu apostar em um fertilizante natural pouco conhecido fora dos c\u00edrculos t\u00e9cnicos: o remineralizador de solo.<\/p>\n<p>\u201cComo defendo o uso de produtos naturais, resolvi testar\u201d, conta Idimar. Tr\u00eas anos depois, colheita ap\u00f3s colheita, ele comemora a escolha. Hoje, a fazenda produz entre 600 e 700 sacas por ciclo, alcan\u00e7ando uma m\u00e9dia de 60 sacas por hectare em sistema de sequeiro. \u201cCome\u00e7amos a disponibilizar no solo nutrientes que antes a planta n\u00e3o absorvia. Isso fez toda a diferen\u00e7a\u201d, resume o produtor.<\/p>\n<h2 class=\"wp-block-heading\" id=\"h-um-desafio-cronico\"><strong>Um desafio cr\u00f4nico<\/strong><\/h2>\n<p>A experi\u00eancia de Idimar reflete uma realidade regional. No Sul e Sudoeste da Bahia, bem como em grande parte do Nordeste, os solos s\u00e3o altamente intemperizados, com acidez elevada e nutrientes em desequil\u00edbrio. <\/p>\n<p>O resultado: a agricultura depende fortemente de corretivos e fertilizantes qu\u00edmicos, insumos caros e, muitas vezes, agressivos ao meio ambiente.<\/p>\n<p>Nesse cen\u00e1rio, o remineralizador \u2013 extra\u00eddo de rochas como o granulito \u2013 surge como alternativa sustent\u00e1vel. <\/p>\n<figure class=\"wp-block-image size-full\"><img fetchpriority=\"high\" decoding=\"async\" width=\"850\" height=\"957\" alt=\"remineralizadores, agrominerais, nordeste\" class=\"wp-image-4122976\"  data-lazy- src=\"https:\/\/agromt.news\/wp-content\/uploads\/2025\/09\/como-agrominerais-estao-transformando-solos-e-lavouras-no-Nordeste.jpeg\"\/><img decoding=\"async\" width=\"850\" height=\"957\" src=\"https:\/\/agromt.news\/wp-content\/uploads\/2025\/09\/como-agrominerais-estao-transformando-solos-e-lavouras-no-Nordeste.jpeg\" alt=\"remineralizadores, agrominerais, nordeste\" class=\"wp-image-4122976\"  \/><figcaption class=\"wp-element-caption\">Foto: Acervo pessoal\/Vulcano Agrominerais <\/figcaption><\/figure>\n<p>Sua libera\u00e7\u00e3o lenta de c\u00e1lcio, magn\u00e9sio e sil\u00edcio reestrutura o solo, melhora a reten\u00e7\u00e3o de \u00e1gua, fortalece a microbiota e reduz a necessidade de adubos qu\u00edmicos.<\/p>\n<p>\u201cNos \u00faltimos anos, observamos crescimento de cerca de 50% na demanda pelo remineralizador, especialmente na Bahia e em estados como Pernambuco e Alagoas\u201d, afirma St\u00e9fano Lima, gestor comercial da Vulcano Agrominerais, empresa baiana pioneira na produ\u00e7\u00e3o desse insumo no Norte\/Nordeste.<\/p>\n<h2 class=\"wp-block-heading\" id=\"h-impacto-direto-na-produtividade\"><strong>Impacto direto na produtividade<\/strong><\/h2>\n<p>Os n\u00fameros refor\u00e7am o potencial. Segundo a Companhia Nacional de Abastecimento (Conab), o Nordeste deve colher 56,3 milh\u00f5es de toneladas de cana-de-a\u00e7\u00facar em 2025 \u2013 alta de 3,6% em rela\u00e7\u00e3o ao ciclo anterior. <\/p>\n<p>Em \u00e1reas onde o remineralizador foi testado, os ganhos foram expressivos: <strong>at\u00e9 16 toneladas a mais por hectare<\/strong> e incremento de mais de <strong>R$ 3 mil em lucratividade<\/strong>.<\/p>\n<p>\u201cA longevidade dos canaviais aumenta, a absor\u00e7\u00e3o de nutrientes melhora e a depend\u00eancia de fertilizantes qu\u00edmicos diminui. \u00c9 um trip\u00e9 que gera produtividade, sustentabilidade e redu\u00e7\u00e3o de custos\u201d, explica o engenheiro agr\u00f4nomo Andr\u00e9 Dias, respons\u00e1vel t\u00e9cnico pela Vulcano.<\/p>\n<p>A tecnologia tamb\u00e9m tem se destacado em culturas como a citricultura. \u201cEstamos observando frutos de melhor qualidade, maior resist\u00eancia ao estresse h\u00eddrico e melhor absor\u00e7\u00e3o de nutrientes\u201d, acrescenta Lima.<\/p>\n<h2 class=\"wp-block-heading\" id=\"h-solo-fertil-futuro-sustentavel\"><strong>Solo f\u00e9rtil, futuro sustent\u00e1vel<\/strong><\/h2>\n<p>Al\u00e9m dos resultados imediatos, o uso de remineralizadores deixa um legado de longo prazo: solos mais f\u00e9rteis, com melhor estrutura e capacidade de suportar ciclos produtivos mais intensos. <\/p>\n<p>Para os agricultores, isso significa mais seguran\u00e7a e rentabilidade. Para o meio ambiente, menor depend\u00eancia de insumos qu\u00edmicos sol\u00faveis e redu\u00e7\u00e3o de impactos.<\/p>\n<p>Idimar Paes \u00e9 prova disso. Ao caminhar por sua lavoura, ele v\u00ea plantas mais vigorosas e uniformes. Mas, mais que produtividade, o agricultor enxerga futuro: <\/p>\n<blockquote class=\"wp-block-quote is-layout-flow wp-block-quote-is-layout-flow\">\n<p>\u201cAcredito em uma agricultura regenerativa, que preserve o solo e produza sem agredir. Essa tecnologia tem me mostrado que \u00e9 poss\u00edvel.\u201d, conclui.<\/p>\n<\/blockquote>\n<hr class=\"wp-block-separator has-alpha-channel-opacity\"\/>\n<p><em>Voc\u00ea tamb\u00e9m pode participar deixando uma sugest\u00e3o de pauta. Siga o\u00a0<a href=\"https:\/\/www.instagram.com\/canalruralbahia\/\">Canal Rural Bahia no Instagram<\/a>\u00a0e nos envie uma mensagem<\/em>.<\/p>\n<\/p><\/div>\n<p><script async src=\"\/\/www.instagram.com\/embed.js\"><\/script><br \/>\n<br \/><br \/>\n<br \/><a href=\"https:\/\/www.canalrural.com.br\/nacional\/bahia\/a-forca-da-pedra-como-agrominerais-estao-transformando-solos-e-lavouras-no-nordeste\/\">Source link <\/a><\/p>\n","protected":false},"excerpt":{"rendered":"<p>No cora\u00e7\u00e3o do Planalto baiano, em Barra do Cho\u00e7a, o agricultor Idimar Paes cultiva h\u00e1 tr\u00eas d\u00e9cadas o caf\u00e9 ar\u00e1bica<\/p>\n","protected":false},"author":1,"featured_media":20333,"comment_status":"open","ping_status":"open","sticky":false,"template":"","format":"standard","meta":{"_monsterinsights_skip_tracking":false,"_monsterinsights_sitenote_active":false,"_monsterinsights_sitenote_note":"","_monsterinsights_sitenote_category":0,"_uf_show_specific_survey":0,"_uf_disable_surveys":false,"footnotes":""},"categories":[1],"tags":[],"class_list":["post-20332","post","type-post","status-publish","format-standard","has-post-thumbnail","hentry","category-news"],"_links":{"self":[{"href":"https:\/\/agromt.news\/index.php?rest_route=\/wp\/v2\/posts\/20332"}],"collection":[{"href":"https:\/\/agromt.news\/index.php?rest_route=\/wp\/v2\/posts"}],"about":[{"href":"https:\/\/agromt.news\/index.php?rest_route=\/wp\/v2\/types\/post"}],"author":[{"embeddable":true,"href":"https:\/\/agromt.news\/index.php?rest_route=\/wp\/v2\/users\/1"}],"replies":[{"embeddable":true,"href":"https:\/\/agromt.news\/index.php?rest_route=%2Fwp%2Fv2%2Fcomments&post=20332"}],"version-history":[{"count":0,"href":"https:\/\/agromt.news\/index.php?rest_route=\/wp\/v2\/posts\/20332\/revisions"}],"wp:featuredmedia":[{"embeddable":true,"href":"https:\/\/agromt.news\/index.php?rest_route=\/wp\/v2\/media\/20333"}],"wp:attachment":[{"href":"https:\/\/agromt.news\/index.php?rest_route=%2Fwp%2Fv2%2Fmedia&parent=20332"}],"wp:term":[{"taxonomy":"category","embeddable":true,"href":"https:\/\/agromt.news\/index.php?rest_route=%2Fwp%2Fv2%2Fcategories&post=20332"},{"taxonomy":"post_tag","embeddable":true,"href":"https:\/\/agromt.news\/index.php?rest_route=%2Fwp%2Fv2%2Ftags&post=20332"}],"curies":[{"name":"wp","href":"https:\/\/api.w.org\/{rel}","templated":true}]}}