{"id":20330,"date":"2025-09-17T09:36:50","date_gmt":"2025-09-17T13:36:50","guid":{"rendered":"https:\/\/agromt.news\/?p=20330"},"modified":"2025-09-17T09:36:50","modified_gmt":"2025-09-17T13:36:50","slug":"apos-um-mes-de-tarifaco-industria-da-madeira-acumula-4-mil-demissoes","status":"publish","type":"post","link":"https:\/\/agromt.news\/?p=20330","title":{"rendered":"Ap\u00f3s um m\u00eas de tarifa\u00e7o, ind\u00fastria da madeira acumula 4 mil demiss\u00f5es"},"content":{"rendered":"<p> <br \/>\n<br \/><img decoding=\"async\" src=\"https:\/\/agromt.news\/wp-content\/uploads\/2025\/09\/Apos-um-mes-de-tarifaco-industria-da-madeira-acumula-4.jpg\" \/><\/p>\n<div>\n<p>Pouco mais de um m\u00eas ap\u00f3s o in\u00edcio da taxa\u00e7\u00e3o de 50% sobre as exporta\u00e7\u00f5es brasileiras de madeira pelos Estados Unidos, o setor tem enfrentado efeitos da medida. De acordo com a Associa\u00e7\u00e3o Brasileira da Ind\u00fastria de Madeira Processada Mecanicamente (Abimci), desde julho, quando foi anunciado o tarifa\u00e7o, at\u00e9 setembro  4 mil trabalhadores foram demitidos, cerca de 5,5 mil est\u00e3o em f\u00e9rias coletivas e outros 1,1 mil em regime de layoff ( suspens\u00e3o tempor\u00e1ria do contrato de trabalho).<\/p>\n<p>O setor ficou de fora da lista de exce\u00e7\u00f5es anunciada pelo governo de Donald Trump e <a href=\"https:\/\/www.canalrural.com.br\/nacional\/apos-ferias-coletivas-tarifaco-faz-industria-da-madeira-iniciar-demissoes\/\">foi um doa primeiros a adotar cortes de postos de trabalho e f\u00e9rias coletivas<\/a>. Sem perspectivas de um acordo de curto prazo entre Brasil e EUA que alivie o tarifa\u00e7o, a Abimci estima que mais de 4,5 mil novas demiss\u00f5es poder\u00e3o ocorrer nos pr\u00f3ximos dois meses.<\/p>\n<p>Segundo a entidade, em agosto houve queda entre 35% e 50% nos embarques de alguns dos principais produtos de madeira processada destinados ao mercado norte-americano.<\/p>\n<p>Em 2024, o setor exportou US$ 1,6 bilh\u00e3o em produtos de madeira para os Estados Unidos, destino que responde, em m\u00e9dia, por 50% da produ\u00e7\u00e3o nacional. Em alguns segmentos, a depend\u00eancia \u00e9 ainda maior: 100% das vendas s\u00e3o destinadas exclusivamente ao mercado norte-americano. Atualmente, o setor gera 180 mil empregos formais, segundo a associa\u00e7\u00e3o.<\/p>\n<p>A Abimci defende maior empenho do governo brasileiro nas negocia\u00e7\u00f5es com os Estados Unidos. <\/p>\n<p>\u201cNo nosso entendimento, a \u00fanica solu\u00e7\u00e3o \u00e9 a negocia\u00e7\u00e3o direta entre os governos do Brasil e dos Estados Unidos para uma adequa\u00e7\u00e3o das tarifas e o restabelecimento do com\u00e9rcio bilateral. Essa compet\u00eancia \u00e9 exclusiva do governo federal que, at\u00e9 o momento, n\u00e3o foi exercida com o necess\u00e1rio bom senso. Enquanto isso, nossos governantes assistem, de forma passiva, milhares de trabalhadores perderem sua fonte de renda. A n\u00f3s resta testemunhar, com consterna\u00e7\u00e3o, a desestrutura\u00e7\u00e3o de cadeias produtivas inteiras, consolidadas h\u00e1 anos, que sustentam in\u00fameras fam\u00edlias em diferentes regi\u00f5es do pa\u00eds\u201d, afirma a entidade em nota.<\/p>\n<\/p><\/div>\n<p><br \/>\n<br \/><a href=\"https:\/\/www.canalrural.com.br\/economia\/apos-um-mes-de-tarifaco-industria-da-madeira-acumula-4-mil-demissoes\/\">Source link <\/a><\/p>\n","protected":false},"excerpt":{"rendered":"<p>Pouco mais de um m\u00eas ap\u00f3s o in\u00edcio da taxa\u00e7\u00e3o de 50% sobre as exporta\u00e7\u00f5es brasileiras de madeira pelos Estados<\/p>\n","protected":false},"author":1,"featured_media":20331,"comment_status":"open","ping_status":"open","sticky":false,"template":"","format":"standard","meta":{"_monsterinsights_skip_tracking":false,"_monsterinsights_sitenote_active":false,"_monsterinsights_sitenote_note":"","_monsterinsights_sitenote_category":0,"_uf_show_specific_survey":0,"_uf_disable_surveys":false,"footnotes":""},"categories":[1],"tags":[],"class_list":["post-20330","post","type-post","status-publish","format-standard","has-post-thumbnail","hentry","category-news"],"_links":{"self":[{"href":"https:\/\/agromt.news\/index.php?rest_route=\/wp\/v2\/posts\/20330"}],"collection":[{"href":"https:\/\/agromt.news\/index.php?rest_route=\/wp\/v2\/posts"}],"about":[{"href":"https:\/\/agromt.news\/index.php?rest_route=\/wp\/v2\/types\/post"}],"author":[{"embeddable":true,"href":"https:\/\/agromt.news\/index.php?rest_route=\/wp\/v2\/users\/1"}],"replies":[{"embeddable":true,"href":"https:\/\/agromt.news\/index.php?rest_route=%2Fwp%2Fv2%2Fcomments&post=20330"}],"version-history":[{"count":0,"href":"https:\/\/agromt.news\/index.php?rest_route=\/wp\/v2\/posts\/20330\/revisions"}],"wp:featuredmedia":[{"embeddable":true,"href":"https:\/\/agromt.news\/index.php?rest_route=\/wp\/v2\/media\/20331"}],"wp:attachment":[{"href":"https:\/\/agromt.news\/index.php?rest_route=%2Fwp%2Fv2%2Fmedia&parent=20330"}],"wp:term":[{"taxonomy":"category","embeddable":true,"href":"https:\/\/agromt.news\/index.php?rest_route=%2Fwp%2Fv2%2Fcategories&post=20330"},{"taxonomy":"post_tag","embeddable":true,"href":"https:\/\/agromt.news\/index.php?rest_route=%2Fwp%2Fv2%2Ftags&post=20330"}],"curies":[{"name":"wp","href":"https:\/\/api.w.org\/{rel}","templated":true}]}}