{"id":20329,"date":"2025-09-17T08:38:10","date_gmt":"2025-09-17T12:38:10","guid":{"rendered":"https:\/\/agromt.news\/?p=20329"},"modified":"2025-09-17T08:38:10","modified_gmt":"2025-09-17T12:38:10","slug":"deficit-hidrico-ameaca-lavouras-em-setembro-e-outubro","status":"publish","type":"post","link":"https:\/\/agromt.news\/?p=20329","title":{"rendered":"d\u00e9ficit h\u00eddrico amea\u00e7a lavouras em setembro e outubro"},"content":{"rendered":"<p> <br \/>\n<\/p>\n<div>\n<p style=\"text-align:justify\">O Instituto Nacional de Meteorologia (Inmet) divulgou nesta ter\u00e7a-feira (16) o Boletim Agroclimatol\u00f3gico Mensal para o trimestre de setembro, outubro e novembro de 2025. O documento apresenta tend\u00eancias clim\u00e1ticas direcionadas \u00e0s atividades do campo e estimativas dos estoques de \u00e1gua no solo.&#13;\n<\/p>\n<p style=\"text-align:justify\">Segundo o Inmet, o progn\u00f3stico para a <strong>Regi\u00e3o Norte<\/strong> indica volumes de chuva abaixo da m\u00e9dia hist\u00f3rica no trimestre, especialmente na Ilha de Maraj\u00f3 (PA), sudeste do Par\u00e1 e na regi\u00e3o da Cabe\u00e7a do Cachorro, no Amazonas. \u201cS\u00e3o previstas redu\u00e7\u00f5es de at\u00e9 50 mil\u00edmetros em rela\u00e7\u00e3o \u00e0 climatologia\u201d, informou o \u00f3rg\u00e3o.\u00a0<br \/>&#13;<br \/>\nEm Roraima, norte do Amap\u00e1, por\u00e7\u00e3o norte do Amazonas, Acre e Rond\u00f4nia, s\u00e3o esperados volumes pr\u00f3ximos \u00e0 m\u00e9dia hist\u00f3rica. As temperaturas do ar devem permanecer acima da m\u00e9dia em toda a regi\u00e3o, com eleva\u00e7\u00f5es de at\u00e9 2,0 \u00b0C. Os estoques de \u00e1gua no solo mostram predom\u00ednio de n\u00edveis baixos em grande parte do Acre, Rond\u00f4nia, centro-sul do Amazonas, sudeste do Par\u00e1 e por\u00e7\u00f5es do Amap\u00e1, inferiores a 30% em setembro e outubro. Em novembro, h\u00e1 sinais de recupera\u00e7\u00e3o em \u00e1reas do Acre, sul do Par\u00e1 e Amazonas, embora persistam d\u00e9ficits em regi\u00f5es centrais do Amazonas, Amap\u00e1 e centro-norte do Par\u00e1.<\/p>\n<p style=\"text-align:justify\">\u201cAs proje\u00e7\u00f5es indicam intensifica\u00e7\u00e3o das condi\u00e7\u00f5es de seca no Par\u00e1, Amap\u00e1, Tocantins, Rond\u00f4nia e centro-sul do Amazonas com d\u00e9ficits superiores a 100 mm, no m\u00eas de setembro. Por outro lado, em novembro, observa-se melhor disponibilidade h\u00eddrica no oeste e sudeste do Amazonas, sul do Par\u00e1, Acre e Rond\u00f4nia, o que tende a favorecer a manuten\u00e7\u00e3o de culturas perenes tropicais e atividades da agricultura familiar nestas \u00e1reas\u201d alertou o boletim.<\/p>\n<p style=\"text-align:justify\"><a href=\"https:\/\/www.agrolink.com.br\/agrotempo?utm_source=agrolink-detalhe-noticia&amp;utm_medium=detalhe-noticia&amp;utm_campaign=links-internos\" target=\"_blank\" rel=\"noopener\">Veja mais informa\u00e7\u00f5es sobre o clima em Agrotempo<\/a><\/p>\n<p style=\"text-align:justify\">Na <strong>Regi\u00e3o Nordeste<\/strong>, o boletim prev\u00ea volumes de chuva abaixo da m\u00e9dia no Maranh\u00e3o, Piau\u00ed, maior parte do Cear\u00e1 e por\u00e7\u00f5es central e noroeste da Bahia. Em todo o restante da regi\u00e3o, as chuvas devem ficar pr\u00f3ximas \u00e0 m\u00e9dia. \u201cAs temperaturas do ar dever\u00e3o permanecer acima da m\u00e9dia hist\u00f3rica, com valores entre 0,5 \u00b0C e 2,0 \u00b0C acima da climatologia\u201d, destacou o Inmet.\u00a0&#13;\n<\/p>\n<p style=\"text-align:justify\">Os estoques de \u00e1gua no solo permanecem satisfat\u00f3rios no litoral, mas no interior n\u00e3o ultrapassam 30%, intensificando o d\u00e9ficit h\u00eddrico nos meses de setembro e outubro. \u201cEssas condi\u00e7\u00f5es podem limitar o desenvolvimento de culturas de sequeiro, tornando essencial a ado\u00e7\u00e3o de estrat\u00e9gias de manejo h\u00eddrico\u201d informou.<\/p>\n<p style=\"text-align:justify\">Para o Centro-Oeste, a previs\u00e3o clim\u00e1tica indica volumes de chuva dentro da m\u00e9dia em praticamente toda a regi\u00e3o, com at\u00e9 30 mil\u00edmetros acima da m\u00e9dia hist\u00f3rica em \u00e1reas de Goi\u00e1s, Mato Grosso e Distrito Federal. As temperaturas devem ficar entre 1,0 \u00b0C e 2,0 \u00b0C acima da m\u00e9dia hist\u00f3rica. O \u00f3rg\u00e3o ressalta que \u201co d\u00e9ficit h\u00eddrico se intensifica em setembro no leste de Mato Grosso e oeste de Goi\u00e1s\u201d, reduzindo a disponibilidade de \u00e1gua no solo para culturas em matura\u00e7\u00e3o. Em novembro, a regulariza\u00e7\u00e3o das chuvas tende a garantir umidade adequada para o plantio de <a href=\"https:\/\/www.agrolink.com.br\/culturas\/soja?utm_source=agrolink-detalhe-noticia&amp;utm_medium=detalhe-noticia&amp;utm_campaign=links-internos\" target=\"_blank\" rel=\"noopener\">soja<\/a> e <a href=\"https:\/\/www.agrolink.com.br\/culturas\/milho?utm_source=agrolink-detalhe-noticia&amp;utm_medium=detalhe-noticia&amp;utm_campaign=links-internos&#9;\" target=\"_blank\" rel=\"noopener\">milho<\/a>.<\/p>\n<p style=\"text-align:justify\">No <strong>Sudeste<\/strong>, s\u00e3o previstos volumes de chuva de at\u00e9 30 mil\u00edmetros acima da m\u00e9dia hist\u00f3rica no Rio de Janeiro e em \u00e1reas de Minas Gerais. As temperaturas devem permanecer acima da m\u00e9dia, principalmente em S\u00e3o Paulo e Minas Gerais.\u00a0<\/p>\n<p style=\"text-align:justify\">O armazenamento de \u00e1gua no solo deve ser baixo no centro-norte de Minas Gerais, Esp\u00edrito Santo, norte do Rio de Janeiro e noroeste paulista em setembro e outubro, com recupera\u00e7\u00e3o da umidade em novembro. A escassez h\u00eddrica nos dois primeiros meses do trimestre pode comprometer o plantio de <a href=\"https:\/\/www.agrolink.com.br\/culturas\/soja?utm_source=agrolink-detalhe-noticia&amp;utm_medium=detalhe-noticia&amp;utm_campaign=links-internos\" target=\"_blank\" rel=\"noopener\">soja<\/a> e <a href=\"https:\/\/www.agrolink.com.br\/culturas\/milho?utm_source=agrolink-detalhe-noticia&amp;utm_medium=detalhe-noticia&amp;utm_campaign=links-internos&#9;\" target=\"_blank\" rel=\"noopener\">milho<\/a>, al\u00e9m de afetar a florada do <a href=\"https:\/\/www.agrolink.com.br\/culturas\/cafe\/?utm_source=agrolink-detalhe-noticia&amp;utm_medium=detalhe-noticia&amp;utm_campaign=links-internos\" target=\"_blank\" rel=\"noopener\">caf\u00e9<\/a>\u00a0e a manuten\u00e7\u00e3o das <a href=\"https:\/\/www.agrolink.com.br\/culturas\/pastagens?utm_source=agrolink-detalhe-noticia&amp;utm_medium=detalhe-noticia&amp;utm_campaign=links-internos\" target=\"_blank\" rel=\"noopener\">pastagens<\/a>.&#13;\n<\/p>\n<p style=\"text-align:justify\">Para a <strong>Regi\u00e3o Sul,<\/strong> a previs\u00e3o indica volumes de chuva acima da m\u00e9dia hist\u00f3rica em todo o estado de Santa Catarina, sudeste do Paran\u00e1 e maior parte do Rio Grande do Sul. \u201cOs maiores volumes, de at\u00e9 50 mil\u00edmetros acima da m\u00e9dia, s\u00e3o previstos para o nordeste do Rio Grande do Sul e leste de Santa Catarina\u201d, destacou o boletim.\u00a0<\/p>\n<p style=\"text-align:justify\">As temperaturas permanecer\u00e3o acima da m\u00e9dia em toda a regi\u00e3o, mas valores abaixo de 13 \u00b0C ainda podem ocorrer em \u00e1reas mais elevadas. O armazenamento h\u00eddrico deve se manter elevado, atingindo valores pr\u00f3ximos \u00e0 capacidade de campo. O excedente h\u00eddrico \u00e9 considerado favor\u00e1vel ao desenvolvimento de culturas de inverno, como <a href=\"https:\/\/www.agrolink.com.br\/culturas\/trigo\/?utm_source=agrolink-detalhe-noticia&amp;utm_medium=detalhe-noticia&amp;utm_campaign=links-internos\" target=\"_blank\" rel=\"noopener\">trigo<\/a>, <a href=\"https:\/\/www.agrolink.com.br\/culturas\/aveia?utm_source=agrolink-detalhe-noticia&amp;utm_medium=detalhe-noticia&amp;utm_campaign=links-internos\" target=\"_blank\" rel=\"noopener\">aveia<\/a> e cevada.<\/p>\n<p style=\"text-align:justify\">\u00a0<\/p>\n<\/p><\/div>\n<p><script data-cfasync=\"false\">\n    !function (f, b, e, v, n, t, s) {\n        if (f.fbq) return; n = f.fbq = function () {\n            n.callMethod ?\n                n.callMethod.apply(n, arguments) : n.queue.push(arguments)\n        };\n        if (!f._fbq) f._fbq = n; n.push = n; n.loaded = !0; n.version = '2.0';\n        n.queue = []; t = b.createElement(e); t.async = !0;\n        t.src = v; s = b.getElementsByTagName(e)[0];\n        s.parentNode.insertBefore(t, s)\n    }(window, document, 'script',\n        'https:\/\/connect.facebook.net\/en_US\/fbevents.js');\n    fbq('init', '522546078623747');\n    fbq('track', 'PageView');\n<\/script><br \/>\n<br \/><br \/>\n<br \/><a href=\"https:\/\/www.agrolink.com.br\/noticias\/clima--deficit-hidrico-ameaca-lavouras-em-setembro-e-outubro_506036.html\">Source link <\/a><\/p>\n","protected":false},"excerpt":{"rendered":"<p>O Instituto Nacional de Meteorologia (Inmet) divulgou nesta ter\u00e7a-feira (16) o Boletim Agroclimatol\u00f3gico Mensal para o trimestre de setembro, outubro<\/p>\n","protected":false},"author":1,"featured_media":4600,"comment_status":"open","ping_status":"open","sticky":false,"template":"","format":"standard","meta":{"_monsterinsights_skip_tracking":false,"_monsterinsights_sitenote_active":false,"_monsterinsights_sitenote_note":"","_monsterinsights_sitenote_category":0,"_uf_show_specific_survey":0,"_uf_disable_surveys":false,"footnotes":""},"categories":[8,1,14],"tags":[],"class_list":["post-20329","post","type-post","status-publish","format-standard","has-post-thumbnail","hentry","category-agro","category-news","category-politica-agro"],"_links":{"self":[{"href":"https:\/\/agromt.news\/index.php?rest_route=\/wp\/v2\/posts\/20329"}],"collection":[{"href":"https:\/\/agromt.news\/index.php?rest_route=\/wp\/v2\/posts"}],"about":[{"href":"https:\/\/agromt.news\/index.php?rest_route=\/wp\/v2\/types\/post"}],"author":[{"embeddable":true,"href":"https:\/\/agromt.news\/index.php?rest_route=\/wp\/v2\/users\/1"}],"replies":[{"embeddable":true,"href":"https:\/\/agromt.news\/index.php?rest_route=%2Fwp%2Fv2%2Fcomments&post=20329"}],"version-history":[{"count":0,"href":"https:\/\/agromt.news\/index.php?rest_route=\/wp\/v2\/posts\/20329\/revisions"}],"wp:featuredmedia":[{"embeddable":true,"href":"https:\/\/agromt.news\/index.php?rest_route=\/wp\/v2\/media\/4600"}],"wp:attachment":[{"href":"https:\/\/agromt.news\/index.php?rest_route=%2Fwp%2Fv2%2Fmedia&parent=20329"}],"wp:term":[{"taxonomy":"category","embeddable":true,"href":"https:\/\/agromt.news\/index.php?rest_route=%2Fwp%2Fv2%2Fcategories&post=20329"},{"taxonomy":"post_tag","embeddable":true,"href":"https:\/\/agromt.news\/index.php?rest_route=%2Fwp%2Fv2%2Ftags&post=20329"}],"curies":[{"name":"wp","href":"https:\/\/api.w.org\/{rel}","templated":true}]}}