{"id":20324,"date":"2025-09-17T07:22:36","date_gmt":"2025-09-17T11:22:36","guid":{"rendered":"https:\/\/agromt.news\/?p=20324"},"modified":"2025-09-17T07:22:36","modified_gmt":"2025-09-17T11:22:36","slug":"feira-do-empreendedor-abre-inscricoes-para-visitantes","status":"publish","type":"post","link":"https:\/\/agromt.news\/?p=20324","title":{"rendered":"Feira do Empreendedor abre inscri\u00e7\u00f5es para visitantes"},"content":{"rendered":"<p> <br \/>\n<br \/><img decoding=\"async\" src=\"https:\/\/agromt.news\/wp-content\/uploads\/2025\/09\/Feira-do-Empreendedor-abre-inscricoes-para-visitantes.jpg\" \/><\/p>\n<div>\n<p>A edi\u00e7\u00e3o 2025 da\u00a0<a href=\"https:\/\/www.canalrural.com.br\/empreendedorismo\/sebrae-abre-inscricoes-para-expositores-feira-do-empreendedor\/\"><strong>Feira do Empreendedor <\/strong>(FE25)\u00a0<\/a>est\u00e1 com inscri\u00e7\u00f5es abertas para visitantes. O evento organizado pelo <a href=\"https:\/\/sp.agenciasebrae.com.br\/cultura-empreendedora\/com-o-conceito-inteligencia-empreendedora-feira-do-empreendedor-do-sebrae-sp-abre-inscricoes-para-visitantes\/\">Sebrae\/SP<\/a>, \u00e9 gratuito e ser\u00e1 realizado de <strong>15 a 18 de outubro<\/strong>, no S\u00e3o Paulo Expo, na capital paulista.<\/p>\n<p>Para melhor atender, visitantes e expositores, a FE25 ter\u00e1\u00a055 mil m\u00b2 divididos em sete eixos tem\u00e1ticos\u00a0para proporcionar uma experi\u00eancia personalizada e relevante para cada perfil de visitante. <\/p>\n<p>Os eixos s\u00e3o: Comece seu Neg\u00f3cio, Gerencie o seu Dinheiro, Inova\u00e7\u00e3o e Tecnologia, Marketing e Vendas, Comportamento Empreendedor, ESG \u2013 Impacto Social e Ambiental, e Cidade Empreendedora.<\/p>\n<p>Al\u00e9m das atra\u00e7\u00f5es tem\u00e1ticas, a\u00a0programa\u00e7\u00e3o\u00a0ter\u00e1 palestras, pain\u00e9is, atendimentos e consultorias, rodadas de neg\u00f3cios e oportunidades de networking, e contar\u00e1 com a presen\u00e7a de especialistas e empreendedores de diversos setores.<\/p>\n<ul class=\"wp-block-list\">\n<li><strong>Participe do Porteira Aberta Empreender: envie perguntas, sugest\u00f5es e conte a sua hist\u00f3ria de empreendedorismo pelo<\/strong><a href=\"https:\/\/api.whatsapp.com\/send?phone=5511932796720&amp;PorteiraAbertaEmpreender=SuaMensagem\"><strong> WhatsApp<\/strong><\/a><\/li>\n<\/ul>\n<p>No entanto, a\u00a0FE25  tem o objetivo de fomentar o empreendedorismo com foco na gera\u00e7\u00e3o de neg\u00f3cios, networking e divulga\u00e7\u00e3o de produtos e servi\u00e7os.  <\/p>\n<p>Al\u00e9m de trazer tend\u00eancias, oportunidades, tecnologia e muita hist\u00f3ria inspiradora. A expectativa \u00e9 receber mais de 110 mil visitantes e movimentar acima dos R$ 45 milh\u00f5es em neg\u00f3cios.<\/p>\n<p>\u201cA FE25 \u00e9 o espa\u00e7o onde o Sebrae condensa todos os instrumentos e ferramentas para quem j\u00e1 tem um neg\u00f3cio ou quer come\u00e7ar a empreender\u201d, destaca\u00a0Alexandre Robazza, gerente de Relacionamento do Sebrae\/SP.<\/p>\n<h2 class=\"wp-block-heading\" id=\"h-fe25\"><strong>FE25<\/strong><\/h2>\n<p><strong>Quando?<\/strong>\u00a015 a 18 de outubro, das 10h \u00e0s 20h<br \/><strong>Local:<\/strong>\u00a0S\u00e3o Paulo Expo, Rodovia dos Imigrantes, 1,5 km \u2013 Vila \u00c1gua Funda, S\u00e3o Paulo<\/p>\n<p><strong>Visitante:<\/strong> <a href=\"https:\/\/feiradoempreendedor.sebraesp.com.br\/\">Inscreva-se aqui! <\/a><\/p>\n<\/p><\/div>\n<p><br \/>\n<br \/><a href=\"https:\/\/www.canalrural.com.br\/empreendedorismo\/feira-do-empreendedor-abre-inscricoes-para-visitantes\/\">Source link <\/a><\/p>\n","protected":false},"excerpt":{"rendered":"<p>A edi\u00e7\u00e3o 2025 da\u00a0Feira do Empreendedor (FE25)\u00a0est\u00e1 com inscri\u00e7\u00f5es abertas para visitantes. O evento organizado pelo Sebrae\/SP, \u00e9 gratuito e<\/p>\n","protected":false},"author":1,"featured_media":20325,"comment_status":"open","ping_status":"open","sticky":false,"template":"","format":"standard","meta":{"_monsterinsights_skip_tracking":false,"_monsterinsights_sitenote_active":false,"_monsterinsights_sitenote_note":"","_monsterinsights_sitenote_category":0,"_uf_show_specific_survey":0,"_uf_disable_surveys":false,"footnotes":""},"categories":[1],"tags":[],"class_list":["post-20324","post","type-post","status-publish","format-standard","has-post-thumbnail","hentry","category-news"],"_links":{"self":[{"href":"https:\/\/agromt.news\/index.php?rest_route=\/wp\/v2\/posts\/20324"}],"collection":[{"href":"https:\/\/agromt.news\/index.php?rest_route=\/wp\/v2\/posts"}],"about":[{"href":"https:\/\/agromt.news\/index.php?rest_route=\/wp\/v2\/types\/post"}],"author":[{"embeddable":true,"href":"https:\/\/agromt.news\/index.php?rest_route=\/wp\/v2\/users\/1"}],"replies":[{"embeddable":true,"href":"https:\/\/agromt.news\/index.php?rest_route=%2Fwp%2Fv2%2Fcomments&post=20324"}],"version-history":[{"count":0,"href":"https:\/\/agromt.news\/index.php?rest_route=\/wp\/v2\/posts\/20324\/revisions"}],"wp:featuredmedia":[{"embeddable":true,"href":"https:\/\/agromt.news\/index.php?rest_route=\/wp\/v2\/media\/20325"}],"wp:attachment":[{"href":"https:\/\/agromt.news\/index.php?rest_route=%2Fwp%2Fv2%2Fmedia&parent=20324"}],"wp:term":[{"taxonomy":"category","embeddable":true,"href":"https:\/\/agromt.news\/index.php?rest_route=%2Fwp%2Fv2%2Fcategories&post=20324"},{"taxonomy":"post_tag","embeddable":true,"href":"https:\/\/agromt.news\/index.php?rest_route=%2Fwp%2Fv2%2Ftags&post=20324"}],"curies":[{"name":"wp","href":"https:\/\/api.w.org\/{rel}","templated":true}]}}