{"id":20322,"date":"2025-09-17T07:05:29","date_gmt":"2025-09-17T11:05:29","guid":{"rendered":"https:\/\/agromt.news\/?p=20322"},"modified":"2025-09-17T07:05:29","modified_gmt":"2025-09-17T11:05:29","slug":"desempenho-do-tegram-em-agosto-reforca-potencial-do-arco-norte","status":"publish","type":"post","link":"https:\/\/agromt.news\/?p=20322","title":{"rendered":"Desempenho do Tegram em agosto refor\u00e7a potencial do Arco Norte"},"content":{"rendered":"<p> <br \/>\n<br \/><img decoding=\"async\" src=\"https:\/\/agromt.news\/wp-content\/uploads\/2025\/09\/Desempenho-do-Tegram-em-agosto-reforca-potencial-do-Arco-Norte.jpg\" \/><\/p>\n<div>\n<p>Com o tarifa\u00e7o dos Estados Unidos em vigor, um dos desafios do setor exportador brasileiro \u00e9 a diversifica\u00e7\u00e3o de mercados. O aumento da capacidade log\u00edstica, no entanto, tamb\u00e9m pode fortalecer a presen\u00e7a em destinos j\u00e1 consolidados. Essa \u00e9 a avalia\u00e7\u00e3o de Marcos Pepe Bertoni, presidente do Cons\u00f3rcio Tegram-Itaqui, respons\u00e1vel pela gest\u00e3o e opera\u00e7\u00e3o do Terminal de Gr\u00e3os do Maranh\u00e3o (Tegram).<\/p>\n<p>Para o futuro, as perspectivas incluem a terceira fase de expans\u00e3o do terminal. Segundo Bertoni, as proje\u00e7\u00f5es em curto, m\u00e9dio e longo prazos s\u00e3o otimistas. \u201cA nova fase de expans\u00e3o deve adicionar cerca de 8,5 milh\u00f5es de toneladas e com isso, vamos solidificar ainda mais a posi\u00e7\u00e3o do Tegram como principal hub log\u00edstico do agroneg\u00f3cio brasileiro no <a href=\"https:\/\/www.canalrural.com.br\/tag\/arco-norte\/\">Arco Norte<\/a>\u201d, afirma.<\/p>\n<h3 class=\"wp-block-heading\" id=\"h-cenario-de-supersafra-e-desafios-logisticos\">Cen\u00e1rio de supersafra e desafios log\u00edsticos<\/h3>\n<p>A expectativa de safra recorde em 2024\/25 \u00e9 positiva para o agroneg\u00f3cio, mas levanta d\u00favidas sobre a capacidade log\u00edstica do pa\u00eds. Segundo a <a href=\"https:\/\/www.canalrural.com.br\/tag\/conab\/\">Companhia Nacional de Abastecimento (Conab)<\/a>, a produ\u00e7\u00e3o de gr\u00e3os deve chegar a 350,2 milh\u00f5es de toneladas, crescimento de 16,3% em rela\u00e7\u00e3o \u00e0 temporada passada. Apesar do volume maior, o Tegram afirma estar preparado para o escoamento.<\/p>\n<p>\u201cO recorde de 1,75 milh\u00e3o de toneladas embarcadas em agosto mostra a nossa capacidade de resposta. Em 2023, movimentamos mais de 15 milh\u00f5es de toneladas, o que refor\u00e7a a solidez da nossa opera\u00e7\u00e3o diante de um cen\u00e1rio de supersafra\u201d, diz Bertoni.<strong>\u00a0<\/strong><\/p>\n<p>Segundo ele, a expans\u00e3o da infraestrutura do terminal, al\u00e9m de garantir efici\u00eancia na movimenta\u00e7\u00e3o de cargas, pode fortalecer ainda mais a presen\u00e7a do Brasil em mercados j\u00e1 consolidados. Outro ponto destacado \u00e9 a localiza\u00e7\u00e3o estrat\u00e9gica do Porto de Itaqui, pr\u00f3ximo a pa\u00edses da Europa e da \u00c1sia, que est\u00e3o entre os principais destinos da produ\u00e7\u00e3o nacional de gr\u00e3os.<\/p>\n<h3 class=\"wp-block-heading\" id=\"h-fator-tarifaco-o-que-esperar\">Fator tarifa\u00e7o: o que esperar?<\/h3>\n<p>O resultado recorde em agosto ocorre em meio a um cen\u00e1rio tenso nas rela\u00e7\u00f5es comerciais entre Brasil e Estados Unidos. Desde o m\u00eas passado, as exporta\u00e7\u00f5es brasileiras enfrentam o chamado tarifa\u00e7o, imposto pelo governo de Donald Trump, com sobretaxas que chegam a 50%.<\/p>\n<p>Sobre esse cen\u00e1rio desafiador e de volatilidade do mercado, Bertoni destaca que a demanda global por alimentos \u00e9 permanente. No entanto, para sustentar o papel do Tegram como polo log\u00edstico do Arco Norte, ele ressalta a import\u00e2ncia de parcerias estrat\u00e9gicas e de investimentos constantes. \u201cSeguimos focados em efici\u00eancia operacional, no escoamento de gr\u00e3os de alta produtividade da regi\u00e3o e em infraestrutura moderna e tecnol\u00f3gica\u201d, conclui.<\/p>\n<\/p><\/div>\n<p><br \/>\n<br \/><a href=\"https:\/\/www.canalrural.com.br\/economia\/desempenho-do-tegram-em-agosto-reforca-potencial-do-arco-norte\/\">Source link <\/a><\/p>\n","protected":false},"excerpt":{"rendered":"<p>Com o tarifa\u00e7o dos Estados Unidos em vigor, um dos desafios do setor exportador brasileiro \u00e9 a diversifica\u00e7\u00e3o de mercados.<\/p>\n","protected":false},"author":1,"featured_media":20323,"comment_status":"open","ping_status":"open","sticky":false,"template":"","format":"standard","meta":{"_monsterinsights_skip_tracking":false,"_monsterinsights_sitenote_active":false,"_monsterinsights_sitenote_note":"","_monsterinsights_sitenote_category":0,"_uf_show_specific_survey":0,"_uf_disable_surveys":false,"footnotes":""},"categories":[1],"tags":[],"class_list":["post-20322","post","type-post","status-publish","format-standard","has-post-thumbnail","hentry","category-news"],"_links":{"self":[{"href":"https:\/\/agromt.news\/index.php?rest_route=\/wp\/v2\/posts\/20322"}],"collection":[{"href":"https:\/\/agromt.news\/index.php?rest_route=\/wp\/v2\/posts"}],"about":[{"href":"https:\/\/agromt.news\/index.php?rest_route=\/wp\/v2\/types\/post"}],"author":[{"embeddable":true,"href":"https:\/\/agromt.news\/index.php?rest_route=\/wp\/v2\/users\/1"}],"replies":[{"embeddable":true,"href":"https:\/\/agromt.news\/index.php?rest_route=%2Fwp%2Fv2%2Fcomments&post=20322"}],"version-history":[{"count":0,"href":"https:\/\/agromt.news\/index.php?rest_route=\/wp\/v2\/posts\/20322\/revisions"}],"wp:featuredmedia":[{"embeddable":true,"href":"https:\/\/agromt.news\/index.php?rest_route=\/wp\/v2\/media\/20323"}],"wp:attachment":[{"href":"https:\/\/agromt.news\/index.php?rest_route=%2Fwp%2Fv2%2Fmedia&parent=20322"}],"wp:term":[{"taxonomy":"category","embeddable":true,"href":"https:\/\/agromt.news\/index.php?rest_route=%2Fwp%2Fv2%2Fcategories&post=20322"},{"taxonomy":"post_tag","embeddable":true,"href":"https:\/\/agromt.news\/index.php?rest_route=%2Fwp%2Fv2%2Ftags&post=20322"}],"curies":[{"name":"wp","href":"https:\/\/api.w.org\/{rel}","templated":true}]}}