{"id":20321,"date":"2025-09-17T06:41:49","date_gmt":"2025-09-17T10:41:49","guid":{"rendered":"https:\/\/agromt.news\/?p=20321"},"modified":"2025-09-17T06:41:49","modified_gmt":"2025-09-17T10:41:49","slug":"a-vantagem-silenciosa-do-brasil","status":"publish","type":"post","link":"https:\/\/agromt.news\/?p=20321","title":{"rendered":"A vantagem silenciosa do Brasil"},"content":{"rendered":"<p> <br \/>\n<\/p>\n<div>\n<p>Muito se fala sobre produtividade, exporta\u00e7\u00f5es recordes e protagonismo do Brasil na produ\u00e7\u00e3o de alimentos, mas h\u00e1 uma oportunidade estrat\u00e9gica pouco explorada que pode reposicionar o pa\u00eds na bioeconomia global. Segundo Jos\u00e9 Carlos de Lima J\u00fanior, Cofundador e Professor da Harven Agribusiness School, transformar res\u00edduos em ativos de valor \u00e9 um caminho capaz de gerar ganhos ambientais, econ\u00f4micos e de competitividade.&#13;\n<\/p>\n<p>O que hoje \u00e9 tratado como subproduto ou passivo ambiental \u2014 palha, vinha\u00e7a, esterco, baga\u00e7o, casca e restos de colheita \u2014 pode se converter em biofertilizantes que reduzem a depend\u00eancia externa, energia renov\u00e1vel em forma de biog\u00e1s e biometano, al\u00e9m de insumos para prote\u00edna animal, biomateriais e at\u00e9 cr\u00e9ditos de carbono. Trata-se de um movimento silencioso, ainda fora do centro dos debates sobre soja, milho e carne, mas que carrega o potencial de ser a pr\u00f3xima vantagem competitiva do agroneg\u00f3cio brasileiro.<\/p>\n<p>Entre os fatores que tornam esse cen\u00e1rio promissor est\u00e3o a redu\u00e7\u00e3o da vulnerabilidade com insumos importados, a diversifica\u00e7\u00e3o das fontes de receita do produtor e a maior soberania frente \u00e0s crescentes barreiras ambientais e comerciais. Esses pontos fortalecem a resili\u00eancia e ampliam o poder de negocia\u00e7\u00e3o do Brasil em um mercado global cada vez mais fragmentado.&#13;\n<\/p>\n<p>Com escala, conhecimento t\u00e9cnico e diversidade produtiva, o pa\u00eds re\u00fane condi\u00e7\u00f5es \u00fanicas para liderar essa transforma\u00e7\u00e3o. O desafio, por\u00e9m, est\u00e1 em decidir se o avan\u00e7o ser\u00e1 uma resposta a press\u00f5es externas ou se o Brasil assumir\u00e1, desde j\u00e1, o protagonismo de monetizar o \u201cinvis\u00edvel\u201d e consolidar sua posi\u00e7\u00e3o na bioeconomia mundial.<\/p>\n<p>\u201cO Brasil tem escala, conhecimento t\u00e9cnico e diversidade produtiva para liderar essa transforma\u00e7\u00e3o. A pergunta que precisamos levar \u00e0 mesa \u00e9 \u201cvamos esperar a press\u00e3o externa para avan\u00e7ar, ou vamos assumir o protagonismo desde j\u00e1?\u201d. T\u00e3o urgente quanto fazer essa pergunta \u00e9 avan\u00e7ar na sua resposta\u201d, conclui.<br \/>&#13;<br \/>\n\u00a0&#13;\n<\/p>\n<\/p><\/div>\n<p><script data-cfasync=\"false\">\n    !function (f, b, e, v, n, t, s) {\n        if (f.fbq) return; n = f.fbq = function () {\n            n.callMethod ?\n                n.callMethod.apply(n, arguments) : n.queue.push(arguments)\n        };\n        if (!f._fbq) f._fbq = n; n.push = n; n.loaded = !0; n.version = '2.0';\n        n.queue = []; t = b.createElement(e); t.async = !0;\n        t.src = v; s = b.getElementsByTagName(e)[0];\n        s.parentNode.insertBefore(t, s)\n    }(window, document, 'script',\n        'https:\/\/connect.facebook.net\/en_US\/fbevents.js');\n    fbq('init', '522546078623747');\n    fbq('track', 'PageView');\n<\/script><br \/>\n<br \/><br \/>\n<br \/><a href=\"https:\/\/www.agrolink.com.br\/noticias\/a-vantagem-silenciosa-do-brasil_506034.html\">Source link <\/a><\/p>\n","protected":false},"excerpt":{"rendered":"<p>Muito se fala sobre produtividade, exporta\u00e7\u00f5es recordes e protagonismo do Brasil na produ\u00e7\u00e3o de alimentos, mas h\u00e1 uma oportunidade estrat\u00e9gica<\/p>\n","protected":false},"author":1,"featured_media":11846,"comment_status":"open","ping_status":"open","sticky":false,"template":"","format":"standard","meta":{"_monsterinsights_skip_tracking":false,"_monsterinsights_sitenote_active":false,"_monsterinsights_sitenote_note":"","_monsterinsights_sitenote_category":0,"_uf_show_specific_survey":0,"_uf_disable_surveys":false,"footnotes":""},"categories":[8,1,14],"tags":[],"class_list":["post-20321","post","type-post","status-publish","format-standard","has-post-thumbnail","hentry","category-agro","category-news","category-politica-agro"],"_links":{"self":[{"href":"https:\/\/agromt.news\/index.php?rest_route=\/wp\/v2\/posts\/20321"}],"collection":[{"href":"https:\/\/agromt.news\/index.php?rest_route=\/wp\/v2\/posts"}],"about":[{"href":"https:\/\/agromt.news\/index.php?rest_route=\/wp\/v2\/types\/post"}],"author":[{"embeddable":true,"href":"https:\/\/agromt.news\/index.php?rest_route=\/wp\/v2\/users\/1"}],"replies":[{"embeddable":true,"href":"https:\/\/agromt.news\/index.php?rest_route=%2Fwp%2Fv2%2Fcomments&post=20321"}],"version-history":[{"count":0,"href":"https:\/\/agromt.news\/index.php?rest_route=\/wp\/v2\/posts\/20321\/revisions"}],"wp:featuredmedia":[{"embeddable":true,"href":"https:\/\/agromt.news\/index.php?rest_route=\/wp\/v2\/media\/11846"}],"wp:attachment":[{"href":"https:\/\/agromt.news\/index.php?rest_route=%2Fwp%2Fv2%2Fmedia&parent=20321"}],"wp:term":[{"taxonomy":"category","embeddable":true,"href":"https:\/\/agromt.news\/index.php?rest_route=%2Fwp%2Fv2%2Fcategories&post=20321"},{"taxonomy":"post_tag","embeddable":true,"href":"https:\/\/agromt.news\/index.php?rest_route=%2Fwp%2Fv2%2Ftags&post=20321"}],"curies":[{"name":"wp","href":"https:\/\/api.w.org\/{rel}","templated":true}]}}