{"id":20319,"date":"2025-09-17T04:45:26","date_gmt":"2025-09-17T08:45:26","guid":{"rendered":"https:\/\/agromt.news\/?p=20319"},"modified":"2025-09-17T04:45:26","modified_gmt":"2025-09-17T08:45:26","slug":"sul-lidera-avanco-em-recuperacoes-judiciais-no-2o-tri","status":"publish","type":"post","link":"https:\/\/agromt.news\/?p=20319","title":{"rendered":"Sul lidera avan\u00e7o em recupera\u00e7\u00f5es judiciais no 2\u00ba tri"},"content":{"rendered":"<p> <br \/>\n<\/p>\n<div>\n<p>O Sul do Brasil registrou um dos maiores avan\u00e7os proporcionais no n\u00famero de empresas em recupera\u00e7\u00e3o judicial no 2\u00ba trimestre de 2025. Segundo o Monitor RGF da Recupera\u00e7\u00e3o Judicial, a regi\u00e3o contabilizou 1.127 companhias com processos ativos, crescimento de 4,5% em rela\u00e7\u00e3o ao trimestre anterior. O destaque ficou para o Rio Grande do Sul, que passou de 427 para 460 empresas em recupera\u00e7\u00e3o, aumento de 7,7%.&#13;\n<\/p>\n<p>Na outra ponta, o Centro-Oeste mostrou estabilidade, com eleva\u00e7\u00e3o discreta de 1,0% e total de 610 empresas em RJ, mas segue com o maior \u00edndice proporcional do pa\u00eds: o IRJ (\u00cdndice RGF de Recupera\u00e7\u00e3o Judicial) atingiu 2,75. Entre os estados, Goi\u00e1s lidera com 309 processos ativos, seguido por Mato Grosso (213), enquanto Mato Grosso do Sul e Distrito Federal permanecem com 44 casos cada.<\/p>\n<p>No balan\u00e7o geral do trimestre, o Sudeste ainda lidera em volume absoluto, com 2.346 empresas em recupera\u00e7\u00e3o (+1,6%), mas \u00e9 no Sul (IRJ de 2,41) e no Centro-Oeste (2,75) que a situa\u00e7\u00e3o preocupa mais, pois a propor\u00e7\u00e3o frente ao total de neg\u00f3cios ativos supera a m\u00e9dia nacional. J\u00e1 o Nordeste registrou queda de 2,3%, com destaque para as redu\u00e7\u00f5es na Bahia (-15%), Cear\u00e1 (-5,6%) e Para\u00edba (-2,9%). O Norte, por sua vez, somou 161 casos, alta de 5,2%.&#13;\n<\/p>\n<p>\u201cApesar de o Sudeste ainda liderar em volume absoluto, \u00e9 no Sul e no Centro-Oeste que os indicadores mais preocupam. A propor\u00e7\u00e3o de empresas em recupera\u00e7\u00e3o judicial frente ao total de neg\u00f3cios ativos nessas regi\u00f5es \u00e9 significativamente mais alta que a m\u00e9dia nacional\u201d, analisa Rodrigo Gallegos, s\u00f3cio da RGF.<br \/>&#13;<br \/>\n\u00a0<\/p>\n<\/p><\/div>\n<p><script data-cfasync=\"false\">\n    !function (f, b, e, v, n, t, s) {\n        if (f.fbq) return; n = f.fbq = function () {\n            n.callMethod ?\n                n.callMethod.apply(n, arguments) : n.queue.push(arguments)\n        };\n        if (!f._fbq) f._fbq = n; n.push = n; n.loaded = !0; n.version = '2.0';\n        n.queue = []; t = b.createElement(e); t.async = !0;\n        t.src = v; s = b.getElementsByTagName(e)[0];\n        s.parentNode.insertBefore(t, s)\n    }(window, document, 'script',\n        'https:\/\/connect.facebook.net\/en_US\/fbevents.js');\n    fbq('init', '522546078623747');\n    fbq('track', 'PageView');\n<\/script><br \/>\n<br \/><br \/>\n<br \/><a href=\"https:\/\/www.agrolink.com.br\/noticias\/sul-lidera-avanco-em-recuperacoes-judiciais-no-2--tri_506035.html\">Source link <\/a><\/p>\n","protected":false},"excerpt":{"rendered":"<p>O Sul do Brasil registrou um dos maiores avan\u00e7os proporcionais no n\u00famero de empresas em recupera\u00e7\u00e3o judicial no 2\u00ba trimestre<\/p>\n","protected":false},"author":1,"featured_media":2752,"comment_status":"open","ping_status":"open","sticky":false,"template":"","format":"standard","meta":{"_monsterinsights_skip_tracking":false,"_monsterinsights_sitenote_active":false,"_monsterinsights_sitenote_note":"","_monsterinsights_sitenote_category":0,"_uf_show_specific_survey":0,"_uf_disable_surveys":false,"footnotes":""},"categories":[8,1,14],"tags":[],"class_list":["post-20319","post","type-post","status-publish","format-standard","has-post-thumbnail","hentry","category-agro","category-news","category-politica-agro"],"_links":{"self":[{"href":"https:\/\/agromt.news\/index.php?rest_route=\/wp\/v2\/posts\/20319"}],"collection":[{"href":"https:\/\/agromt.news\/index.php?rest_route=\/wp\/v2\/posts"}],"about":[{"href":"https:\/\/agromt.news\/index.php?rest_route=\/wp\/v2\/types\/post"}],"author":[{"embeddable":true,"href":"https:\/\/agromt.news\/index.php?rest_route=\/wp\/v2\/users\/1"}],"replies":[{"embeddable":true,"href":"https:\/\/agromt.news\/index.php?rest_route=%2Fwp%2Fv2%2Fcomments&post=20319"}],"version-history":[{"count":0,"href":"https:\/\/agromt.news\/index.php?rest_route=\/wp\/v2\/posts\/20319\/revisions"}],"wp:featuredmedia":[{"embeddable":true,"href":"https:\/\/agromt.news\/index.php?rest_route=\/wp\/v2\/media\/2752"}],"wp:attachment":[{"href":"https:\/\/agromt.news\/index.php?rest_route=%2Fwp%2Fv2%2Fmedia&parent=20319"}],"wp:term":[{"taxonomy":"category","embeddable":true,"href":"https:\/\/agromt.news\/index.php?rest_route=%2Fwp%2Fv2%2Fcategories&post=20319"},{"taxonomy":"post_tag","embeddable":true,"href":"https:\/\/agromt.news\/index.php?rest_route=%2Fwp%2Fv2%2Ftags&post=20319"}],"curies":[{"name":"wp","href":"https:\/\/api.w.org\/{rel}","templated":true}]}}