{"id":20317,"date":"2025-09-17T00:47:59","date_gmt":"2025-09-17T04:47:59","guid":{"rendered":"https:\/\/agromt.news\/?p=20317"},"modified":"2025-09-17T00:47:59","modified_gmt":"2025-09-17T04:47:59","slug":"mercado-de-boi-gordo-registra-queda-nas-cotacoes","status":"publish","type":"post","link":"https:\/\/agromt.news\/?p=20317","title":{"rendered":"Mercado de boi gordo registra queda nas cota\u00e7\u00f5es"},"content":{"rendered":"<p> <br \/>\n<\/p>\n<div>\n<div class=\"row\">\n<div class=\"col-lg col-infos mt-0 mt-lg-0\">\n<div class=\"section-sub-title\">\n<p itemprop=\"description\">&#13;<br \/>\n                                Exporta\u00e7\u00e3o de carne bovina sobe 14,6% em setembro&#13;\n                            <\/p>\n<\/p><\/div>\n<div class=\"container\">\n<div class=\"row\">\n<div class=\"col-lg p-0\">\n<div>\n<div class=\"block-news-main-infos mt-3 text-start\">\n<p>                                            <strong class=\"fn\" itemprop=\"author\" style=\"color: rgb(112, 112, 112); \">&#13;<br \/>\n                                                <a href=\"https:\/\/www.agrolink.com.br\/noticias\/javascript:;\" class=\"text-uppercase\" target=\"_blank\" style=\"color: rgb(112, 112, 112); \" rel=\"noopener\">Agrolink<\/a>&#13;<br \/>\n&#13;<br \/>\n                                                    &#8211; Seane Lennon&#13;<br \/>\n&#13;<br \/>\n                                            <\/strong><br \/>\n                                        <\/p>\n<p>                                            <abbr><time datetime=\"2025 - 09 - 16T16:00\" itemprop=\"datePublished dateModified\"> Publicado em 16\/09\/2025 \u00e0s 16:00h.<\/time><\/abbr>\n                                    <\/div>\n<\/p><\/div>\n<\/p><\/div>\n<div class=\"col-lg p-0 text-lg-end\">\n<div>\n<div id=\"mdEnviarPagina\" class=\"modal fade\" role=\"dialog\">\n<div class=\"modal-dialog\">\n<div class=\"modal-content\">\n<div class=\"modal-body\">\n<p><strong>Estimado usu\u00e1rio.<\/strong><br \/>Preencha o formul\u00e1rio abaixo para remeter a p\u00e1gina.<\/p>\n<\/p><\/div>\n<\/p><\/div>\n<\/p><\/div>\n<\/div><\/div>\n<\/p><\/div>\n<\/p><\/div>\n<\/p><\/div>\n<\/p><\/div>\n<\/p><\/div>\n<div class=\"row justify-content-md-center mt-3\">\n<div class=\"col-lg-auto col-image block-news-main-image\">\n<p>                                <img decoding=\"async\" src=\"https:\/\/www.agrolink.com.br\/upload\/imagens-resizes\/d9b0de8e3ae2489496ae0d43a05445ab_858x483.jpg\" class=\"lazyload img-fluid\"\/><br \/>\n                                                <span class=\"publicity-photo d-block mt-1\">Foto: Canva<\/span><\/p><\/div>\n<\/p><\/div>\n<div class=\"section-description section-description-noticias mt-3\">\n<p style=\"text-align:justify\">De acordo com an\u00e1lise divulgada nesta ter\u00e7a-feira (16) no informativo \u201cTem Boi na Linha\u201d, da Scot Consultoria, houve queda nas cota\u00e7\u00f5es do boi gordo, da vaca e da novilha em S\u00e3o Paulo. Segundo o levantamento, \u201ca oferta de bovinos aumentou e o escoamento da carne n\u00e3o acompanhou esse movimento\u201d. A consultoria informou ainda que \u201calgumas ind\u00fastrias ficaram fora das compras, remanejando as escalas de abate com a boiada j\u00e1 adquirida\u201d.&#13;\n<\/p>\n<p style=\"text-align:justify\">Esses fatores resultaram em menor pre\u00e7o pago pelos compradores, com redu\u00e7\u00e3o de R$ 2,00 por arroba para boi gordo, vaca e novilha. Em contrapartida, a Scot Consultoria destacou que \u201ca exporta\u00e7\u00e3o de carne bovina teve bom desempenho, sustentando a cota\u00e7\u00e3o do \u2018boi China\u2019, que n\u00e3o mudou\u201d.&#13;\n<\/p>\n<p style=\"text-align:justify\">No Par\u00e1, o dia iniciou com cota\u00e7\u00f5es est\u00e1veis para a regi\u00e3o de Marab\u00e1, Reden\u00e7\u00e3o e Paragominas.<\/p>\n<p style=\"text-align:justify\">Na regi\u00e3o Noroeste do Paran\u00e1, o mercado local registrou queda de R$ 2,00 por arroba para as f\u00eameas e de R$ 3,00 por arroba para os machos.<\/p>\n<p style=\"text-align:justify\">Em rela\u00e7\u00e3o \u00e0 exporta\u00e7\u00e3o de carne bovina in natura, at\u00e9 a segunda semana de setembro o volume exportado somou 137,2 mil toneladas, com m\u00e9dia di\u00e1ria de 13,7 mil toneladas. O informativo aponta aumento de 14,6% frente ao embarcado por dia no mesmo per\u00edodo de 2024. A cota\u00e7\u00e3o m\u00e9dia da tonelada ficou em US$ 5,6 mil, alta de 24,4% na compara\u00e7\u00e3o ano a ano.&#13;\n<\/p>\n<\/p><\/div>\n<\/p><\/div>\n<p><script data-cfasync=\"false\">\n    !function (f, b, e, v, n, t, s) {\n        if (f.fbq) return; n = f.fbq = function () {\n            n.callMethod ?\n                n.callMethod.apply(n, arguments) : n.queue.push(arguments)\n        };\n        if (!f._fbq) f._fbq = n; n.push = n; n.loaded = !0; n.version = '2.0';\n        n.queue = []; t = b.createElement(e); t.async = !0;\n        t.src = v; s = b.getElementsByTagName(e)[0];\n        s.parentNode.insertBefore(t, s)\n    }(window, document, 'script',\n        'https:\/\/connect.facebook.net\/en_US\/fbevents.js');\n    fbq('init', '522546078623747');\n    fbq('track', 'PageView');\n<\/script><br \/>\n<br \/><br \/>\n<br \/><a href=\"https:\/\/www.agrolink.com.br\/noticias\/mercado-de-boi-gordo-registra-queda-nas-cotacoes_506039.html\">Source link <\/a><\/p>\n","protected":false},"excerpt":{"rendered":"<p>&#13; Exporta\u00e7\u00e3o de carne bovina sobe 14,6% em setembro&#13; &#13; Agrolink&#13; &#13; &#8211; Seane Lennon&#13; &#13; Publicado em 16\/09\/2025 \u00e0s<\/p>\n","protected":false},"author":1,"featured_media":2013,"comment_status":"open","ping_status":"open","sticky":false,"template":"","format":"standard","meta":{"_monsterinsights_skip_tracking":false,"_monsterinsights_sitenote_active":false,"_monsterinsights_sitenote_note":"","_monsterinsights_sitenote_category":0,"_uf_show_specific_survey":0,"_uf_disable_surveys":false,"footnotes":""},"categories":[8,1,14],"tags":[],"class_list":["post-20317","post","type-post","status-publish","format-standard","has-post-thumbnail","hentry","category-agro","category-news","category-politica-agro"],"_links":{"self":[{"href":"https:\/\/agromt.news\/index.php?rest_route=\/wp\/v2\/posts\/20317"}],"collection":[{"href":"https:\/\/agromt.news\/index.php?rest_route=\/wp\/v2\/posts"}],"about":[{"href":"https:\/\/agromt.news\/index.php?rest_route=\/wp\/v2\/types\/post"}],"author":[{"embeddable":true,"href":"https:\/\/agromt.news\/index.php?rest_route=\/wp\/v2\/users\/1"}],"replies":[{"embeddable":true,"href":"https:\/\/agromt.news\/index.php?rest_route=%2Fwp%2Fv2%2Fcomments&post=20317"}],"version-history":[{"count":0,"href":"https:\/\/agromt.news\/index.php?rest_route=\/wp\/v2\/posts\/20317\/revisions"}],"wp:featuredmedia":[{"embeddable":true,"href":"https:\/\/agromt.news\/index.php?rest_route=\/wp\/v2\/media\/2013"}],"wp:attachment":[{"href":"https:\/\/agromt.news\/index.php?rest_route=%2Fwp%2Fv2%2Fmedia&parent=20317"}],"wp:term":[{"taxonomy":"category","embeddable":true,"href":"https:\/\/agromt.news\/index.php?rest_route=%2Fwp%2Fv2%2Fcategories&post=20317"},{"taxonomy":"post_tag","embeddable":true,"href":"https:\/\/agromt.news\/index.php?rest_route=%2Fwp%2Fv2%2Ftags&post=20317"}],"curies":[{"name":"wp","href":"https:\/\/api.w.org\/{rel}","templated":true}]}}