{"id":20316,"date":"2025-09-16T22:51:33","date_gmt":"2025-09-17T02:51:33","guid":{"rendered":"https:\/\/agromt.news\/?p=20316"},"modified":"2025-09-16T22:51:33","modified_gmt":"2025-09-17T02:51:33","slug":"safra-2025-26-de-milho-supera-media-de-5-anos","status":"publish","type":"post","link":"https:\/\/agromt.news\/?p=20316","title":{"rendered":"safra 2025\/26 de milho supera m\u00e9dia de 5 anos"},"content":{"rendered":"<p> <br \/>\n<\/p>\n<div>\n<div class=\"row\">\n<div class=\"col-lg col-infos mt-0 mt-lg-0\">\n<div class=\"section-sub-title\">\n<p itemprop=\"description\">&#13;<br \/>\n                                Mato Grosso encerra segunda safra com recorde&#13;\n                            <\/p>\n<\/p><\/div>\n<div class=\"container\">\n<div class=\"row\">\n<div class=\"col-lg p-0\">\n<div>\n<div class=\"block-news-main-infos mt-3 text-start\">\n<p>                                            <strong class=\"fn\" itemprop=\"author\" style=\"color: rgb(112, 112, 112); \">&#13;<br \/>\n                                                <a href=\"https:\/\/www.agrolink.com.br\/noticias\/javascript:;\" class=\"text-uppercase\" target=\"_blank\" style=\"color: rgb(112, 112, 112); \" rel=\"noopener\">Agrolink<\/a>&#13;<br \/>\n&#13;<br \/>\n                                                    &#8211; Seane Lennon&#13;<br \/>\n&#13;<br \/>\n                                            <\/strong><br \/>\n                                        <\/p>\n<p>                                            <abbr><time datetime=\"2025 - 09 - 16T16:11\" itemprop=\"datePublished dateModified\"> Publicado em 16\/09\/2025 \u00e0s 16:11h.<\/time><\/abbr>\n                                    <\/div>\n<\/p><\/div>\n<\/p><\/div>\n<div class=\"col-lg p-0 text-lg-end\">\n<div>\n<div id=\"mdEnviarPagina\" class=\"modal fade\" role=\"dialog\">\n<div class=\"modal-dialog\">\n<div class=\"modal-content\">\n<div class=\"modal-body\">\n<p><strong>Estimado usu\u00e1rio.<\/strong><br \/>Preencha o formul\u00e1rio abaixo para remeter a p\u00e1gina.<\/p>\n<\/p><\/div>\n<\/p><\/div>\n<\/p><\/div>\n<\/div><\/div>\n<\/p><\/div>\n<\/p><\/div>\n<\/p><\/div>\n<\/p><\/div>\n<\/p><\/div>\n<div class=\"row justify-content-md-center mt-3\">\n<div class=\"col-lg-auto col-image block-news-main-image\">\n<p>                                <img decoding=\"async\" src=\"https:\/\/www.agrolink.com.br\/upload\/imagens-resizes\/520facdd128b4269956ec784725c67d5_858x483.jpg\" class=\"lazyload img-fluid\"\/><br \/>\n                                                <span class=\"publicity-photo d-block mt-1\">Foto: Pixabay<\/span><\/p><\/div>\n<\/p><\/div>\n<div class=\"section-description section-description-noticias mt-3\">\n<p style=\"text-align:justify\">Segundo an\u00e1lise semanal divulgada nesta segunda-feira (15) pelo Instituto Mato-Grossense de Economia Agropecu\u00e1ria (Imea), com base em dados do Departamento de Agricultura dos Estados Unidos (USDA), a estimativa de \u00e1rea colhida nos Estados Unidos para a safra 2025\/26 registrou aumento de 1,53% em rela\u00e7\u00e3o ao relat\u00f3rio do m\u00eas anterior, totalizando 36,44 milh\u00f5es de hectares, o que representa 8,63% acima da temporada 2024\/25. O Imea destacou que \u201cno que se refere \u00e0 produ\u00e7\u00e3o norte-americana, em setembro de 2025, a estimativa est\u00e1 13,10% maior que a safra 2024\/25 e 15,10% acima da m\u00e9dia das \u00faltimas cinco temporadas, totalizando 427,11 milh\u00f5es de toneladas\u201d.&#13;\n<\/p>\n<p style=\"text-align:justify\">O crescimento da produ\u00e7\u00e3o nos Estados Unidos \u00e9 reflexo do desempenho das lavouras, que at\u00e9 14 de setembro estavam com 67,00% das \u00e1reas classificadas como boas ou excelentes, 2,00 pontos percentuais acima do registrado no mesmo per\u00edodo da safra anterior e 9,60 pontos percentuais superior \u00e0 m\u00e9dia dos \u00faltimos cinco anos.<\/p>\n<p style=\"text-align:justify\">O Imea ressaltou que \u201ca colheita de <a href=\"https:\/\/www.agrolink.com.br\/culturas\/milho?utm_source=agrolink-detalhe-noticia&amp;utm_medium=detalhe-noticia&amp;utm_campaign=links-internos&#9;\" target=\"_blank\" rel=\"noopener\">milho<\/a> no pa\u00eds segue em fase inicial e, at\u00e9 o dia 14\/09, os trabalhos a campo alcan\u00e7aram 7,00% das \u00e1reas, avan\u00e7o de 3,00 pontos percentuais ante a semana anterior e 1,00 ponto percentual menor que no mesmo per\u00edodo da safra passada\u201d.&#13;\n<\/p>\n<p style=\"text-align:justify\">De acordo com dados do 12\u00ba Levantamento da Safra de Gr\u00e3os do ciclo 2024\/25 da Companhia Nacional de Abastecimento (Conab), a colheita do milho segunda safra em Mato Grosso atingiu um marco significativo, encerrando-se com elevada produtividade m\u00e9dia estadual. O levantamento atribui o resultado \u00e0 combina\u00e7\u00e3o das condi\u00e7\u00f5es clim\u00e1ticas favor\u00e1veis com as pr\u00e1ticas agr\u00edcolas avan\u00e7adas, como o uso de sementes de alta qualidade, manejo eficiente de fertilizantes e conten\u00e7\u00e3o de pragas, fatores que \u201cculminaram no recorde de produtividade e produ\u00e7\u00e3o, beneficiando n\u00e3o apenas produtores locais como tamb\u00e9m o abastecimento nacional e global\u201d.<\/p>\n<\/p><\/div>\n<\/p><\/div>\n<p><script data-cfasync=\"false\">\n    !function (f, b, e, v, n, t, s) {\n        if (f.fbq) return; n = f.fbq = function () {\n            n.callMethod ?\n                n.callMethod.apply(n, arguments) : n.queue.push(arguments)\n        };\n        if (!f._fbq) f._fbq = n; n.push = n; n.loaded = !0; n.version = '2.0';\n        n.queue = []; t = b.createElement(e); t.async = !0;\n        t.src = v; s = b.getElementsByTagName(e)[0];\n        s.parentNode.insertBefore(t, s)\n    }(window, document, 'script',\n        'https:\/\/connect.facebook.net\/en_US\/fbevents.js');\n    fbq('init', '522546078623747');\n    fbq('track', 'PageView');\n<\/script><br \/>\n<br \/><br \/>\n<br \/><a href=\"https:\/\/www.agrolink.com.br\/noticias\/eua--safra-2025-26-de-milho-supera-media-de-5-anos_506041.html\">Source link <\/a><\/p>\n","protected":false},"excerpt":{"rendered":"<p>&#13; Mato Grosso encerra segunda safra com recorde&#13; &#13; Agrolink&#13; &#13; &#8211; Seane Lennon&#13; &#13; Publicado em 16\/09\/2025 \u00e0s 16:11h.<\/p>\n","protected":false},"author":1,"featured_media":2561,"comment_status":"open","ping_status":"open","sticky":false,"template":"","format":"standard","meta":{"_monsterinsights_skip_tracking":false,"_monsterinsights_sitenote_active":false,"_monsterinsights_sitenote_note":"","_monsterinsights_sitenote_category":0,"_uf_show_specific_survey":0,"_uf_disable_surveys":false,"footnotes":""},"categories":[8,1,14],"tags":[],"class_list":["post-20316","post","type-post","status-publish","format-standard","has-post-thumbnail","hentry","category-agro","category-news","category-politica-agro"],"_links":{"self":[{"href":"https:\/\/agromt.news\/index.php?rest_route=\/wp\/v2\/posts\/20316"}],"collection":[{"href":"https:\/\/agromt.news\/index.php?rest_route=\/wp\/v2\/posts"}],"about":[{"href":"https:\/\/agromt.news\/index.php?rest_route=\/wp\/v2\/types\/post"}],"author":[{"embeddable":true,"href":"https:\/\/agromt.news\/index.php?rest_route=\/wp\/v2\/users\/1"}],"replies":[{"embeddable":true,"href":"https:\/\/agromt.news\/index.php?rest_route=%2Fwp%2Fv2%2Fcomments&post=20316"}],"version-history":[{"count":0,"href":"https:\/\/agromt.news\/index.php?rest_route=\/wp\/v2\/posts\/20316\/revisions"}],"wp:featuredmedia":[{"embeddable":true,"href":"https:\/\/agromt.news\/index.php?rest_route=\/wp\/v2\/media\/2561"}],"wp:attachment":[{"href":"https:\/\/agromt.news\/index.php?rest_route=%2Fwp%2Fv2%2Fmedia&parent=20316"}],"wp:term":[{"taxonomy":"category","embeddable":true,"href":"https:\/\/agromt.news\/index.php?rest_route=%2Fwp%2Fv2%2Fcategories&post=20316"},{"taxonomy":"post_tag","embeddable":true,"href":"https:\/\/agromt.news\/index.php?rest_route=%2Fwp%2Fv2%2Ftags&post=20316"}],"curies":[{"name":"wp","href":"https:\/\/api.w.org\/{rel}","templated":true}]}}