{"id":20312,"date":"2025-09-16T20:24:10","date_gmt":"2025-09-17T00:24:10","guid":{"rendered":"https:\/\/agromt.news\/?p=20312"},"modified":"2025-09-16T20:24:10","modified_gmt":"2025-09-17T00:24:10","slug":"exportacoes-de-milho-avancam-em-setembro-em-compasso-com-demanda-por-carnes-e-etanol","status":"publish","type":"post","link":"https:\/\/agromt.news\/?p=20312","title":{"rendered":"Exporta\u00e7\u00f5es de milho avan\u00e7am em setembro em compasso com demanda por carnes e etanol"},"content":{"rendered":"<p> <br \/>\n<br \/><img decoding=\"async\" src=\"https:\/\/agromt.news\/wp-content\/uploads\/2024\/11\/IB0PDylW-exportacao-de-milho.jpg\" \/><\/p>\n<div>\n<p>As exporta\u00e7\u00f5es brasileiras de milho registraram avan\u00e7o em setembro, com resultados semelhantes aos do mesmo per\u00edodo do ano passado. <\/p>\n<p>Dados da Secretaria de Com\u00e9rcio Exterior (<a href=\"https:\/\/www.canalrural.com.br\/tag\/secex\/\">Secex<\/a>) indicam que a demanda interna por carnes e etanol tamb\u00e9m impulsionou o crescimento das importa\u00e7\u00f5es do cereal.<\/p>\n<p><iframe title=\"Dados parciais mostram aumento nas exporta\u00e7\u00f5es de milho em setembro\" width=\"800\" height=\"450\" src=\"https:\/\/www.youtube.com\/embed\/ox48u2r46Hc?feature=oembed\" frameborder=\"0\" allow=\"accelerometer; autoplay; clipboard-write; encrypted-media; gyroscope; picture-in-picture; web-share\" referrerpolicy=\"strict-origin-when-cross-origin\" allowfullscreen><\/iframe><\/p>\n<p>Segundo o diretor do Canal Rural Sul, Giovani Ferreira, nas duas primeiras semanas de setembro foram exportados mais milho do que soja: 3 milh\u00f5es de toneladas de milho contra 2,7 milh\u00f5es de toneladas de soja. \u201cEsse movimento \u00e9 natural, o milho est\u00e1 \u2018tirando o atraso\u2019 dos \u00faltimos meses, quando a soja predominou\u201d, ressalta.<\/p>\n<p>De acordo com ele, entre os per\u00edodos de janeiro a setembro dos \u00faltimos cinco anos (2021 a 2024), e parcialmente at\u00e9 setembro de 2025, o Brasil exportou 18,8 milh\u00f5es de toneladas de milho, enquanto no mesmo per\u00edodo do ano passado foram 24,3 milh\u00f5es de toneladas. Os resultados podem chegar pr\u00f3ximo do n\u00famero alcan\u00e7ado em 2024 quando setembro fechar.<\/p>\n<p>O destaque, segundo Ferreira, s\u00e3o as importa\u00e7\u00f5es, afinal, foram compradas mais de 1 milh\u00e3o de toneladas em 2025, acima dos \u00faltimos dois anos, quando o volume registrado foi de 790 mil toneladas em 2023 e 880 mil toneladas em 2024. \u201cPodemos chegar pr\u00f3ximo das 1,74 milh\u00e3o de toneladas de 2022\u201d, destaca.<\/p>\n<p>De acordo com o diretor, o crescimento da produ\u00e7\u00e3o \u00e9 um fator determinante. A safra atual atinge cerca de 140 milh\u00f5es de toneladas nas duas temporadas, um aumento de mais de 50 milh\u00f5es de toneladas em 10 anos, considerando que h\u00e1 uma d\u00e9cada a produ\u00e7\u00e3o brasileira era de 85 milh\u00f5es de toneladas.<\/p>\n<p>\u201cNesse per\u00edodo, a demanda tamb\u00e9m cresceu, inicialmente para a produ\u00e7\u00e3o de carnes, que consumia boa parte do milho produzido\u201d, explica.<\/p>\n<h2 class=\"wp-block-heading\" id=\"h-novas-demandas-para-o-milho\">Novas demandas para o milho<\/h2>\n<p>Segundo o Ferreira, nos \u00faltimos anos, novas demandas surgiram. A exporta\u00e7\u00e3o se tornou um importante destino do cereal, assim como a produ\u00e7\u00e3o de etanol de milho, que atualmente consome cerca de 30 milh\u00f5es de toneladas.<\/p>\n<p>\u201cEm 2024, exportamos 55 milh\u00f5es de toneladas; no ano passado, esse volume caiu para 39 milh\u00f5es. A produ\u00e7\u00e3o de etanol tamb\u00e9m cresceu com a expans\u00e3o das usinas de milho\u201d, afirma. <\/p>\n<p>De acordo com Ferreira, no porto de Paranagu\u00e1, no Sul, a exporta\u00e7\u00e3o cresceu de 500 mil para mais de 2 milh\u00f5es de toneladas. O milho do Centro-Oeste \u00e9 majoritariamente destinado ao etanol e ao mercado dom\u00e9stico, enquanto o excedente do Sul vai para exporta\u00e7\u00e3o.<\/p>\n<p>\u201cO mercado \u00e9 livre e competitivo. A demanda interna cresce, e quem pagar mais, leva\u201d, completa.<\/p>\n<\/p><\/div>\n<p><br \/>\n<br \/><a href=\"https:\/\/www.canalrural.com.br\/agricultura\/exportacoes-de-milho-avancam-em-setembro-em-compasso-com-demanda-por-carnes-e-etanol\/\">Source link <\/a><\/p>\n","protected":false},"excerpt":{"rendered":"<p>As exporta\u00e7\u00f5es brasileiras de milho registraram avan\u00e7o em setembro, com resultados semelhantes aos do mesmo per\u00edodo do ano passado. Dados<\/p>\n","protected":false},"author":1,"featured_media":13610,"comment_status":"open","ping_status":"open","sticky":false,"template":"","format":"standard","meta":{"_monsterinsights_skip_tracking":false,"_monsterinsights_sitenote_active":false,"_monsterinsights_sitenote_note":"","_monsterinsights_sitenote_category":0,"_uf_show_specific_survey":0,"_uf_disable_surveys":false,"footnotes":""},"categories":[1],"tags":[],"class_list":["post-20312","post","type-post","status-publish","format-standard","has-post-thumbnail","hentry","category-news"],"_links":{"self":[{"href":"https:\/\/agromt.news\/index.php?rest_route=\/wp\/v2\/posts\/20312"}],"collection":[{"href":"https:\/\/agromt.news\/index.php?rest_route=\/wp\/v2\/posts"}],"about":[{"href":"https:\/\/agromt.news\/index.php?rest_route=\/wp\/v2\/types\/post"}],"author":[{"embeddable":true,"href":"https:\/\/agromt.news\/index.php?rest_route=\/wp\/v2\/users\/1"}],"replies":[{"embeddable":true,"href":"https:\/\/agromt.news\/index.php?rest_route=%2Fwp%2Fv2%2Fcomments&post=20312"}],"version-history":[{"count":0,"href":"https:\/\/agromt.news\/index.php?rest_route=\/wp\/v2\/posts\/20312\/revisions"}],"wp:featuredmedia":[{"embeddable":true,"href":"https:\/\/agromt.news\/index.php?rest_route=\/wp\/v2\/media\/13610"}],"wp:attachment":[{"href":"https:\/\/agromt.news\/index.php?rest_route=%2Fwp%2Fv2%2Fmedia&parent=20312"}],"wp:term":[{"taxonomy":"category","embeddable":true,"href":"https:\/\/agromt.news\/index.php?rest_route=%2Fwp%2Fv2%2Fcategories&post=20312"},{"taxonomy":"post_tag","embeddable":true,"href":"https:\/\/agromt.news\/index.php?rest_route=%2Fwp%2Fv2%2Ftags&post=20312"}],"curies":[{"name":"wp","href":"https:\/\/api.w.org\/{rel}","templated":true}]}}