{"id":20310,"date":"2025-09-16T20:08:50","date_gmt":"2025-09-17T00:08:50","guid":{"rendered":"https:\/\/agromt.news\/?p=20310"},"modified":"2025-09-16T20:08:50","modified_gmt":"2025-09-17T00:08:50","slug":"apos-alta-em-julho-frete-volta-a-ficar-mais-barato-em-agosto","status":"publish","type":"post","link":"https:\/\/agromt.news\/?p=20310","title":{"rendered":"Ap\u00f3s alta em julho,\u00a0frete\u00a0volta a ficar mais barato em agosto"},"content":{"rendered":"<p> <br \/>\n<br \/><img decoding=\"async\" src=\"https:\/\/agromt.news\/wp-content\/uploads\/2025\/09\/Apos-alta-em-julho-frete-volta-a-ficar-mais-barato-em-agosto.jpg\" \/><\/p>\n<div>\n<p>O pre\u00e7o m\u00e9dio do frete por quil\u00f4metro rodado no pa\u00eds registrou queda em agosto, mostram os dados da \u00faltima an\u00e1lise do \u00cdndice de Frete Rodovi\u00e1rio da Edenred (IFR), divulgados nesta ter\u00e7a-feira (16).<\/p>\n<p>Assim, o valor nacional passou de R$ 7,40 em julho para R$ 7,36 em agosto, recuo de 0,54%.<\/p>\n<p>Conforme o levantamento, a redu\u00e7\u00e3o reflete a contra\u00e7\u00e3o de alguns setores da ind\u00fastria, j\u00e1 percebida nos \u00faltimos meses e o novo reflexo da pol\u00edtica tarif\u00e1ria dos <strong><a href=\"https:\/\/www.canalrural.com.br\/tag\/estados-unidos\/\">Estados Unidos<\/a><\/strong>, que diminu\u00edram a demanda por transporte. <\/p>\n<p>A queda do d\u00f3lar tamb\u00e9m ajudou a aliviar custos. Com a taxa b\u00e1sica de juros mantida em 15% ao ano, o cen\u00e1rio permaneceu est\u00e1vel, favorecendo a retra\u00e7\u00e3o.<\/p>\n<p>\u201cAlguns fatores, por\u00e9m, evitaram uma queda maior. O escoamento da segunda safra de milho manteve a procura por transporte, o reajuste do piso da tabela de frete em julho ainda impactou os pre\u00e7os e o diesel registrou leve aumento no m\u00eas\u201d, destaca a an\u00e1lise. <\/p>\n<p>Segundo o \u00cdndice de Pre\u00e7os Edenred Ticket Log (IPTL), o diesel comum subiu 0,65% em agosto e foi vendido, em m\u00e9dia, a R$ 6,19. O diesel S-10 avan\u00e7ou 0,81%, alcan\u00e7ando R$ 6,22.<\/p>\n<p>\u201cO resultado de agosto mostra como diferentes fatores se equilibraram. A menor atividade da ind\u00fastria pressionou os pre\u00e7os para baixo, enquanto a safra de milho, a tabela de frete e o aumento do diesel impediram uma redu\u00e7\u00e3o mais acentuada\u201d, contextualiza Vinicios Fernandes, diretor da Edenred Frete.<\/p>\n<p>Para os pr\u00f3ximos meses, a expectativa \u00e9 de pequenas oscila\u00e7\u00f5es no \u00edndice, influenciadas pelo comportamento dos combust\u00edveis, pelo c\u00e2mbio e por poss\u00edveis altera\u00e7\u00f5es regulat\u00f3rias.<\/p>\n<p>O IFR \u00e9 um \u00edndice do pre\u00e7o m\u00e9dio do frete e sua composi\u00e7\u00e3o \u00e9 levantada com base nos dados exclusivos das 8 milh\u00f5es de transa\u00e7\u00f5es anuais de frete e vale-ped\u00e1gio administradas pela Edenred Repom. <\/p>\n<\/p><\/div>\n<p><br \/>\n<br \/><a href=\"https:\/\/www.canalrural.com.br\/nacional\/apos-alta-em-julho-frete-volta-a-ficar-mais-barato-em-agosto\/\">Source link <\/a><\/p>\n","protected":false},"excerpt":{"rendered":"<p>O pre\u00e7o m\u00e9dio do frete por quil\u00f4metro rodado no pa\u00eds registrou queda em agosto, mostram os dados da \u00faltima an\u00e1lise<\/p>\n","protected":false},"author":1,"featured_media":20311,"comment_status":"open","ping_status":"open","sticky":false,"template":"","format":"standard","meta":{"_monsterinsights_skip_tracking":false,"_monsterinsights_sitenote_active":false,"_monsterinsights_sitenote_note":"","_monsterinsights_sitenote_category":0,"_uf_show_specific_survey":0,"_uf_disable_surveys":false,"footnotes":""},"categories":[1],"tags":[],"class_list":["post-20310","post","type-post","status-publish","format-standard","has-post-thumbnail","hentry","category-news"],"_links":{"self":[{"href":"https:\/\/agromt.news\/index.php?rest_route=\/wp\/v2\/posts\/20310"}],"collection":[{"href":"https:\/\/agromt.news\/index.php?rest_route=\/wp\/v2\/posts"}],"about":[{"href":"https:\/\/agromt.news\/index.php?rest_route=\/wp\/v2\/types\/post"}],"author":[{"embeddable":true,"href":"https:\/\/agromt.news\/index.php?rest_route=\/wp\/v2\/users\/1"}],"replies":[{"embeddable":true,"href":"https:\/\/agromt.news\/index.php?rest_route=%2Fwp%2Fv2%2Fcomments&post=20310"}],"version-history":[{"count":0,"href":"https:\/\/agromt.news\/index.php?rest_route=\/wp\/v2\/posts\/20310\/revisions"}],"wp:featuredmedia":[{"embeddable":true,"href":"https:\/\/agromt.news\/index.php?rest_route=\/wp\/v2\/media\/20311"}],"wp:attachment":[{"href":"https:\/\/agromt.news\/index.php?rest_route=%2Fwp%2Fv2%2Fmedia&parent=20310"}],"wp:term":[{"taxonomy":"category","embeddable":true,"href":"https:\/\/agromt.news\/index.php?rest_route=%2Fwp%2Fv2%2Fcategories&post=20310"},{"taxonomy":"post_tag","embeddable":true,"href":"https:\/\/agromt.news\/index.php?rest_route=%2Fwp%2Fv2%2Ftags&post=20310"}],"curies":[{"name":"wp","href":"https:\/\/api.w.org\/{rel}","templated":true}]}}