{"id":20309,"date":"2025-09-16T19:34:35","date_gmt":"2025-09-16T23:34:35","guid":{"rendered":"https:\/\/agromt.news\/?p=20309"},"modified":"2025-09-16T19:34:35","modified_gmt":"2025-09-16T23:34:35","slug":"veja-os-precos-da-arroba-e-do-atacado-2","status":"publish","type":"post","link":"https:\/\/agromt.news\/?p=20309","title":{"rendered":"veja os pre\u00e7os da arroba e do atacado"},"content":{"rendered":"<p> <br \/>\n<br \/><img decoding=\"async\" src=\"https:\/\/agromt.news\/wp-content\/uploads\/2024\/10\/boi-1.jpg\" \/><\/p>\n<div>\n<p>O mercado f\u00edsico do boi gordo volta a se deparar com press\u00e3o baixista no decorrer da semana. <\/p>\n<p>Segundo o analista da consultoria Safras &amp; Mercado Fernando Henrique Iglesias, o ambiente de neg\u00f3cios ainda sugere pela continuidade deste movimento no curt\u00edssimo prazo.<\/p>\n<p>Isso acontece em virtude da posi\u00e7\u00e3o mais confort\u00e1vel das escalas de abate que, para muitas ind\u00fastrias, j\u00e1 est\u00e1 definida ao longo do m\u00eas. <\/p>\n<p>\u201cA incid\u00eancia de animais de parceria, contratos a termo, \u00e9 um elemento important\u00edssimo para entender este comportamento. Como contraponto, mais uma vez precisa ser mencionada as <strong><a href=\"https:\/\/www.canalrural.com.br\/pecuaria\/tarifaco-nao-deve-atrapalhar-exportacoes-de-carne-ou-cotacoes-da-arroba-ao-longo-do-ano\/\">exporta\u00e7\u00f5es<\/a><\/strong>, em um desempenho bastante contundente em 2025, caminhando para um recorde hist\u00f3rico, em volume e principalmente em receita\u201d, disse.<\/p>\n<h2 class=\"wp-block-heading\" id=\"h-precos-medios-da-arroba-do-boi\">Pre\u00e7os m\u00e9dios da arroba do boi<\/h2>\n<ul class=\"wp-block-list\">\n<li><strong>S\u00e3o Paulo:<\/strong> R$ 305,50 \u2014 ontem: R$ 306,83<\/li>\n<li><strong>Goi\u00e1s: <\/strong>R$ 291,43 \u2014 R$ 291,79<\/li>\n<li><strong>Minas Gerais: <\/strong>R$ 288,24 \u2014 est\u00e1vel<\/li>\n<li><strong>Mato Grosso do Sul:<\/strong> R$ 320,55 \u2014 R$ 320,82<\/li>\n<li><strong>Mato Grosso:<\/strong> R$ 299,26 \u2014 R$ 300,41<\/li>\n<\/ul>\n<h2 class=\"wp-block-heading\" id=\"h-mercado-atacadista\">Mercado atacadista<\/h2>\n<p>O mercado atacadista se depara com pre\u00e7os acomodados para a carne bovina. De acordo com Iglesias, o ambiente de neg\u00f3cios volta a sugerir pela queda das cota\u00e7\u00f5es no curto prazo, considerando o arrefecimento do consumo durante a segunda quinzena do m\u00eas, per\u00edodo pautado por menor apelo ao consumo.<\/p>\n<p>\u201cAl\u00e9m disso, apesar da recente alta, a carne de frango ainda conta com a prefer\u00eancia da maior parcela da popula\u00e7\u00e3o brasileira, em especial das fam\u00edlias que contam com menor renda (entre um a dois sal\u00e1rios-m\u00ednimos)\u201d, diz.<\/p>\n<p>O quarto traseiro ainda \u00e9 precificado a R$ 24,10 por quilo; o traseiro segue cotado a R$ 18,00 por quilo; e a ponta de agulha se mant\u00e9m no patamar de R$ 17,10, por quilo.<\/p>\n<h2 class=\"wp-block-heading\" id=\"h-cambio\">C\u00e2mbio<\/h2>\n<p>O d\u00f3lar comercial encerrou a sess\u00e3o em queda de 0,43%, sendo negociado a R$ 5,2981 para venda e a R$ 5,2961 para compra. Durante o dia, a moeda norte-americana oscilou entre a m\u00ednima de R$ 5,2917 e a m\u00e1xima de R$ 5,3217.<\/p>\n<\/p><\/div>\n<p><br \/>\n<br \/><a href=\"https:\/\/www.canalrural.com.br\/pecuaria\/cotacoes-do-boi-gordo-hoje-veja-os-precos-da-arroba-e-do-atacado\/\">Source link <\/a><\/p>\n","protected":false},"excerpt":{"rendered":"<p>O mercado f\u00edsico do boi gordo volta a se deparar com press\u00e3o baixista no decorrer da semana. Segundo o analista<\/p>\n","protected":false},"author":1,"featured_media":3980,"comment_status":"open","ping_status":"open","sticky":false,"template":"","format":"standard","meta":{"_monsterinsights_skip_tracking":false,"_monsterinsights_sitenote_active":false,"_monsterinsights_sitenote_note":"","_monsterinsights_sitenote_category":0,"_uf_show_specific_survey":0,"_uf_disable_surveys":false,"footnotes":""},"categories":[1],"tags":[],"class_list":["post-20309","post","type-post","status-publish","format-standard","has-post-thumbnail","hentry","category-news"],"_links":{"self":[{"href":"https:\/\/agromt.news\/index.php?rest_route=\/wp\/v2\/posts\/20309"}],"collection":[{"href":"https:\/\/agromt.news\/index.php?rest_route=\/wp\/v2\/posts"}],"about":[{"href":"https:\/\/agromt.news\/index.php?rest_route=\/wp\/v2\/types\/post"}],"author":[{"embeddable":true,"href":"https:\/\/agromt.news\/index.php?rest_route=\/wp\/v2\/users\/1"}],"replies":[{"embeddable":true,"href":"https:\/\/agromt.news\/index.php?rest_route=%2Fwp%2Fv2%2Fcomments&post=20309"}],"version-history":[{"count":0,"href":"https:\/\/agromt.news\/index.php?rest_route=\/wp\/v2\/posts\/20309\/revisions"}],"wp:featuredmedia":[{"embeddable":true,"href":"https:\/\/agromt.news\/index.php?rest_route=\/wp\/v2\/media\/3980"}],"wp:attachment":[{"href":"https:\/\/agromt.news\/index.php?rest_route=%2Fwp%2Fv2%2Fmedia&parent=20309"}],"wp:term":[{"taxonomy":"category","embeddable":true,"href":"https:\/\/agromt.news\/index.php?rest_route=%2Fwp%2Fv2%2Fcategories&post=20309"},{"taxonomy":"post_tag","embeddable":true,"href":"https:\/\/agromt.news\/index.php?rest_route=%2Fwp%2Fv2%2Ftags&post=20309"}],"curies":[{"name":"wp","href":"https:\/\/api.w.org\/{rel}","templated":true}]}}