{"id":20305,"date":"2025-09-16T18:20:48","date_gmt":"2025-09-16T22:20:48","guid":{"rendered":"https:\/\/agromt.news\/?p=20305"},"modified":"2025-09-16T18:20:48","modified_gmt":"2025-09-16T22:20:48","slug":"acordo-mercosul-efta-abre-oportunidades-para-carnes-cafe-e-frutas-do-brasil","status":"publish","type":"post","link":"https:\/\/agromt.news\/?p=20305","title":{"rendered":"Acordo Mercosul-EFTA abre oportunidades para carnes, caf\u00e9 e frutas do Brasil"},"content":{"rendered":"<p> <br \/>\n<br \/><img decoding=\"async\" src=\"https:\/\/agromt.news\/wp-content\/uploads\/2024\/10\/Brasil-caminha-para-recorde-historico-nas-exportacoes-de-carne-em.jpg\" \/><\/p>\n<div>\n<p>O acordo de livre com\u00e9rcio entre Mercosul e Associa\u00e7\u00e3o Europeia de Livre Com\u00e9rcio (EFTA), assinado nesta ter\u00e7a-feira (16), no Rio de Janeiro, deve abrir novas oportunidades comerciais para <a href=\"https:\/\/www.canalrural.com.br\/tag\/carne\/\"><strong>carnes<\/strong><\/a> bovina, de aves e su\u00edna, milho, farelo de soja, mela\u00e7o de cana, mel, caf\u00e9 torrado, \u00e1lcool et\u00edlico, fumo n\u00e3o manufaturado, arroz, frutas (bananas, mel\u00f5es, uvas), e sucos de frutas (laranja, ma\u00e7\u00e3) quando entrar em vigor.<\/p>\n<p>Segundo o documento do Minist\u00e9rio das Rela\u00e7\u00f5es Exteriores, considerados os universos agr\u00edcola e industrial, o acesso em livre com\u00e9rcio de produtos brasileiros aos mercados chegar\u00e1 a quase 99% do valor exportado, afirma o governo brasileiro.<\/p>\n<p>Pelo acordo, a EFTA (que inclui <strong>Su\u00ed\u00e7a, Noruega, Liechtenstein e Isl\u00e2ndia<\/strong>) eliminar\u00e1 100% das tarifas de importa\u00e7\u00e3o dos setores industrial e pesqueiro no momento da entrada em vigor do acordo (no primeiro dia do terceiro m\u00eas seguinte \u00e0 notifica\u00e7\u00e3o da conclus\u00e3o dos tr\u00e2mites internos por ao menos um pa\u00eds da EFTA e um pa\u00eds do Mercosul).<\/p>\n<h5 class=\"western\"><span style=\"color: #000000;\"><span style=\"font-family: Arial, sans-serif;\"><span style=\"font-size: x-large;\"><i>Veja em primeira m\u00e3o tudo sobre agricultura, pecu\u00e1ria, economia e previs\u00e3o do tempo:<\/i><\/span><\/span><\/span><a href=\"https:\/\/news.google.com\/publications\/CAAqBwgKMPKZlQswq_mqAw?hl=pt-BR&amp;gl=BR&amp;ceid=BR%3Apt-419\" target=\"_blank\" rel=\"noopener\"><span style=\"color: #1155cc;\"><span style=\"font-family: Arial, Helvetica, sans-serif;\">\u00a0<\/span><\/span><span style=\"color: #1155cc;\"><span style=\"font-family: Arial, sans-serif;\"><span style=\"font-size: x-large;\"><i>siga o Canal Rural no Google News!<\/i><\/span><\/span><\/span><\/a><\/h5>\n<p>Considerados isoladamente, 100% das exporta\u00e7\u00f5es brasileiras para a Isl\u00e2ndia e para Liechtenstein est\u00e3o na lista de livre com\u00e9rcio, enquanto para Noruega e Su\u00ed\u00e7a os percentuais s\u00e3o de, respectivamente, 99,8% e 97,7%.<\/p>\n<p>Para facilitar o com\u00e9rcio agropecu\u00e1rio, fica estabelecido o <em>\u201cprelisting\u201d<\/em> \u2013 sistema que estabelece um reconhecimento pr\u00e9vio do sistema de inspe\u00e7\u00e3o sanit\u00e1ria do Brasil \u2013 e procedimentos de regionaliza\u00e7\u00e3o para produtos de origem animal.<\/p>\n<p>Al\u00e9m disso, 63 indica\u00e7\u00f5es geogr\u00e1ficas brasileiras passar\u00e3o a ser protegidas nos pa\u00edses da EFTA, fortalecendo a \u201cmarca Brasil\u201d.<\/p>\n<p>\u201cO acordo possibilita uma tramita\u00e7\u00e3o mais \u00e1gil para o reconhecimento de novas indica\u00e7\u00f5es geogr\u00e1ficas brasileiras e preserva os direitos dos produtores brasileiros que j\u00e1 utilizavam de alguma forma esses termos\u201d, destaca o documento.<\/p>\n<p>O acordo entrar\u00e1 em vigor e produzir\u00e1 efeitos jur\u00eddicos no primeiro dia do terceiro m\u00eas seguinte \u00e0 notifica\u00e7\u00e3o da conclus\u00e3o dos tr\u00e2mites internos por ao menos um pa\u00eds da EFTA e um pa\u00eds do Mercosul.<\/p>\n<\/p><\/div>\n<p><br \/>\n<br \/><a href=\"https:\/\/www.canalrural.com.br\/economia\/acordo-mercosul-efta-abre-oportunidades-para-carnes-cafe-e-frutas-do-brasil\/\">Source link <\/a><\/p>\n","protected":false},"excerpt":{"rendered":"<p>O acordo de livre com\u00e9rcio entre Mercosul e Associa\u00e7\u00e3o Europeia de Livre Com\u00e9rcio (EFTA), assinado nesta ter\u00e7a-feira (16), no Rio<\/p>\n","protected":false},"author":1,"featured_media":12508,"comment_status":"open","ping_status":"open","sticky":false,"template":"","format":"standard","meta":{"_monsterinsights_skip_tracking":false,"_monsterinsights_sitenote_active":false,"_monsterinsights_sitenote_note":"","_monsterinsights_sitenote_category":0,"_uf_show_specific_survey":0,"_uf_disable_surveys":false,"footnotes":""},"categories":[1],"tags":[],"class_list":["post-20305","post","type-post","status-publish","format-standard","has-post-thumbnail","hentry","category-news"],"_links":{"self":[{"href":"https:\/\/agromt.news\/index.php?rest_route=\/wp\/v2\/posts\/20305"}],"collection":[{"href":"https:\/\/agromt.news\/index.php?rest_route=\/wp\/v2\/posts"}],"about":[{"href":"https:\/\/agromt.news\/index.php?rest_route=\/wp\/v2\/types\/post"}],"author":[{"embeddable":true,"href":"https:\/\/agromt.news\/index.php?rest_route=\/wp\/v2\/users\/1"}],"replies":[{"embeddable":true,"href":"https:\/\/agromt.news\/index.php?rest_route=%2Fwp%2Fv2%2Fcomments&post=20305"}],"version-history":[{"count":0,"href":"https:\/\/agromt.news\/index.php?rest_route=\/wp\/v2\/posts\/20305\/revisions"}],"wp:featuredmedia":[{"embeddable":true,"href":"https:\/\/agromt.news\/index.php?rest_route=\/wp\/v2\/media\/12508"}],"wp:attachment":[{"href":"https:\/\/agromt.news\/index.php?rest_route=%2Fwp%2Fv2%2Fmedia&parent=20305"}],"wp:term":[{"taxonomy":"category","embeddable":true,"href":"https:\/\/agromt.news\/index.php?rest_route=%2Fwp%2Fv2%2Fcategories&post=20305"},{"taxonomy":"post_tag","embeddable":true,"href":"https:\/\/agromt.news\/index.php?rest_route=%2Fwp%2Fv2%2Ftags&post=20305"}],"curies":[{"name":"wp","href":"https:\/\/api.w.org\/{rel}","templated":true}]}}