{"id":20299,"date":"2025-09-16T17:02:31","date_gmt":"2025-09-16T21:02:31","guid":{"rendered":"https:\/\/agromt.news\/?p=20299"},"modified":"2025-09-16T17:02:31","modified_gmt":"2025-09-16T21:02:31","slug":"abrapa-participa-de-encontro-internacional-de-pesquisadores-de-algodao-na-argentina","status":"publish","type":"post","link":"https:\/\/agromt.news\/?p=20299","title":{"rendered":"Abrapa participa de encontro internacional de pesquisadores de algod\u00e3o na Argentina"},"content":{"rendered":"<p> <br \/>\n<\/p>\n<div>\n<p style=\"text-align:justify\">Com o objetivo de desenvolver uma agenda de trabalho conjunta entre os pa\u00edses produtores de <a href=\"https:\/\/www.agrolink.com.br\/culturas\/algodao\/\" target=\"_blank\" rel=\"noopener\">algod\u00e3o<\/a>, o ICAC International Cotton Advisory Committee, atrav\u00e9s da Rede Latino-Americana de Pesquisa e Desenvolvimento do <a href=\"https:\/\/www.agrolink.com.br\/culturas\/algodao\/\" target=\"_blank\" rel=\"noopener\">algod\u00e3o<\/a> (Alida) e em parceria com o Instituto Nacional de Tecnologia Agropecu\u00e1ria da Argentina (INTA), realizou, de 9 a 11 de setembro, o XV Encontro Regional de Pesquisadores de <a href=\"https:\/\/www.agrolink.com.br\/culturas\/algodao\/\" target=\"_blank\" rel=\"noopener\">algod\u00e3o<\/a> da Am\u00e9rica Latina e Caribe. O evento ocorreu na Esta\u00e7\u00e3o Experimental Agropecu\u00e1ria de Reconquista, na Argentina, e teve a participa\u00e7\u00e3o do diretor executivo da Associa\u00e7\u00e3o Brasileira dos Produtores de <a href=\"https:\/\/www.agrolink.com.br\/culturas\/algodao\/\" target=\"_blank\" rel=\"noopener\">algod\u00e3o<\/a> (Abrapa), Marcio Portocarrero, e de representantes do setor algodoeiro de nove pa\u00edses incluindo Paraguai, Peru, Col\u00f4mbia, Bol\u00edvia, Equador, M\u00e9xico e Chile.&#13;\n<\/p>\n<p style=\"text-align:justify\">Desde 1986, o ICAC apoia a organiza\u00e7\u00e3o da Alida e promove edi\u00e7\u00f5es do encontro a cada dois anos. Em 2025, o tema central foi \u201cHorizontes produtivos do algod\u00e3o na Am\u00e9rica Latina e Caribe\u201d. Foram tr\u00eas dias de palestras e atividades voltadas ao fortalecimento da cadeia produtiva da regi\u00e3o, por meio da colabora\u00e7\u00e3o e do interc\u00e2mbio de conhecimentos entre os participantes.<\/p>\n<p style=\"text-align:justify\"><strong>O algod\u00e3o na Am\u00e9rica Latina<\/strong><\/p>\n<p style=\"text-align:justify\">O cultivo de algod\u00e3o na Am\u00e9rica Latina \u00e9 uma pr\u00e1tica tradicional da regi\u00e3o, que impulsiona a economia e conecta comunidades as suas culturas ancestrais.<\/p>\n<p style=\"text-align:justify\">O Brasil, que \u00e9 l\u00edder regional de produ\u00e7\u00e3o, nos \u00faltimos anos se tornou uma refer\u00eancia atual em termos de rastreabilidade, de sustentabilidade e qualidade. A Argentina e o Paraguai s\u00e3o outros grandes produtores do continente, que tendem a ampliar a \u00e1rea plantada com a pluma nos pr\u00f3ximos anos. O Peru ganhou notoriedade durante o encontro pelo cultivo do algod\u00e3o Pima, que apesar de ser produzido em pequena quantidade, tem um alto valor agregado e conquistou mercados internacionais de nicho.<\/p>\n<p style=\"text-align:justify\">Nos demais pa\u00edses, como o Equador e a Bol\u00edvia, a cotonicultura \u00e9 desenvolvida por comunidades ind\u00edgenas e pequenos agricultores, n\u00e3o tendo grandes produ\u00e7\u00f5es voltadas \u00e0 exporta\u00e7\u00e3o, mas ao uso tradicional e consumo interno, portanto n\u00e3o tendem ao aumento expressivo da produ\u00e7\u00e3o.<\/p>\n<p style=\"text-align:justify\">Apesar das diferen\u00e7as, os pa\u00edses participantes enfrentam problemas em comum, como a estagna\u00e7\u00e3o da demanda mundial a falta de tecnologias dispon\u00edveis para a melhoria da qualidade e o controle de pragas. Fatores que tamb\u00e9m foram pautas do evento por elevarem os custos de produ\u00e7\u00e3o e diminu\u00edrem a margem de lucro dos produtores.&#13;\n<\/p>\n<p style=\"text-align:justify\"><strong>Organiza\u00e7\u00e3o e valor agregado do algod\u00e3o brasileiro<\/strong><\/p>\n<p style=\"text-align:justify\">Na primeira apresenta\u00e7\u00e3o, detalhou o modelo associativo da Abrapa, que re\u00fane 11 associa\u00e7\u00f5es estaduais respons\u00e1veis por 99% da produ\u00e7\u00e3o nacional de algod\u00e3o. \u201cEnquanto associa\u00e7\u00e3o, a Abrapa assume o papel de elevar os padr\u00f5es da cadeia produtiva brasileira, oferecendo \u00e0s filiadas programas de rastreabilidade, qualidade e sustentabilidade. Esses tr\u00eas pilares, em conjunto, ajudaram o pa\u00eds a alcan\u00e7ar o patamar de maior exportador global de algod\u00e3o\u201d, destacou.<\/p>\n<p style=\"text-align:justify\">Na segunda fala, o diretor apresentou os avan\u00e7os em rastreabilidade, qualidade da fibra e comercializa\u00e7\u00e3o da pluma brasileira. Ele explicou que os programas da Abrapa garantem transpar\u00eancia sobre a origem e a qualidade do algod\u00e3o, desde a fazenda at\u00e9 o consumidor final.<\/p>\n<p style=\"text-align:justify\">Segundo Portocarrero, \u201cao longo dos anos, o sistema de rastreabilidade foi ampliado com informa\u00e7\u00f5es socioambientais, sistemas de georreferenciamento e certifica\u00e7\u00f5es\u201d. Ele tamb\u00e9m mencionou o movimento Sou de Algod\u00e3o e o programa Cotton Brazil, ressaltando a import\u00e2ncia de cada iniciativa na promo\u00e7\u00e3o da fibra brasileira. \u201cEm 2016, nasceu o movimento Sou de Algod\u00e3o, que fortaleceu o mercado interno e uniu milhares de marcas em prol da fibra natural e sustent\u00e1vel. Para ampliar a presen\u00e7a internacional, especialmente na \u00c1sia, o programa Cotton Brazil foi fundamental para consolidar o pa\u00eds na lideran\u00e7a das exporta\u00e7\u00f5es globais\u201d, afirmou.<\/p>\n<p style=\"text-align:justify\">Portocarrero refor\u00e7ou ainda que o grande objetivo atual da Abrapa \u00e9 assegurar excel\u00eancia e padroniza\u00e7\u00e3o da qualidade da pluma brasileira, de modo a fidelizar clientes e expandir mercados.<\/p>\n<p style=\"text-align:justify\"><strong>Bandeira global <\/strong><\/p>\n<p style=\"text-align:justify\">Al\u00e9m da produ\u00e7\u00e3o, beneficiamento e comercializa\u00e7\u00e3o da fibra, o encontro abordou o combate ao avan\u00e7o das fibras sint\u00e9ticas em detrimento das naturais no setor t\u00eaxtil. Houve consenso sobre a necessidade de a\u00e7\u00f5es conjuntas, inclusive com produtores australianos e americanos, para conscientizar sobre os impactos ambientais e \u00e0 sa\u00fade dos derivados de petr\u00f3leo.&#13;\n<\/p>\n<p style=\"text-align:justify\"><strong>Resultados do encontro<\/strong><\/p>\n<p style=\"text-align:justify\">O encontro promovido pelo ICAC, INTA e Alida reuniu pesquisadores e t\u00e9cnicos da cadeia do algod\u00e3o latino-americano para trocar experi\u00eancias e gerar conhecimentos que contribuam para o crescimento sustent\u00e1vel da produ\u00e7\u00e3o e da \u00e1rea cultivada na regi\u00e3o, al\u00e9m de abrir novas oportunidades de desenvolvimento.<\/p>\n<\/p><\/div>\n<p><script data-cfasync=\"false\">\n    !function (f, b, e, v, n, t, s) {\n        if (f.fbq) return; n = f.fbq = function () {\n            n.callMethod ?\n                n.callMethod.apply(n, arguments) : n.queue.push(arguments)\n        };\n        if (!f._fbq) f._fbq = n; n.push = n; n.loaded = !0; n.version = '2.0';\n        n.queue = []; t = b.createElement(e); t.async = !0;\n        t.src = v; s = b.getElementsByTagName(e)[0];\n        s.parentNode.insertBefore(t, s)\n    }(window, document, 'script',\n        'https:\/\/connect.facebook.net\/en_US\/fbevents.js');\n    fbq('init', '522546078623747');\n    fbq('track', 'PageView');\n<\/script><br \/>\n<br \/><br \/>\n<br \/><a href=\"https:\/\/www.agrolink.com.br\/noticias\/abrapa-participa-de-encontro-internacional-de-pesquisadores-de-algodao-na-argentina_505965.html\">Source link <\/a><\/p>\n","protected":false},"excerpt":{"rendered":"<p>Com o objetivo de desenvolver uma agenda de trabalho conjunta entre os pa\u00edses produtores de algod\u00e3o, o ICAC International Cotton<\/p>\n","protected":false},"author":1,"featured_media":5328,"comment_status":"open","ping_status":"open","sticky":false,"template":"","format":"standard","meta":{"_monsterinsights_skip_tracking":false,"_monsterinsights_sitenote_active":false,"_monsterinsights_sitenote_note":"","_monsterinsights_sitenote_category":0,"_uf_show_specific_survey":0,"_uf_disable_surveys":false,"footnotes":""},"categories":[8,1,14],"tags":[],"class_list":["post-20299","post","type-post","status-publish","format-standard","has-post-thumbnail","hentry","category-agro","category-news","category-politica-agro"],"_links":{"self":[{"href":"https:\/\/agromt.news\/index.php?rest_route=\/wp\/v2\/posts\/20299"}],"collection":[{"href":"https:\/\/agromt.news\/index.php?rest_route=\/wp\/v2\/posts"}],"about":[{"href":"https:\/\/agromt.news\/index.php?rest_route=\/wp\/v2\/types\/post"}],"author":[{"embeddable":true,"href":"https:\/\/agromt.news\/index.php?rest_route=\/wp\/v2\/users\/1"}],"replies":[{"embeddable":true,"href":"https:\/\/agromt.news\/index.php?rest_route=%2Fwp%2Fv2%2Fcomments&post=20299"}],"version-history":[{"count":0,"href":"https:\/\/agromt.news\/index.php?rest_route=\/wp\/v2\/posts\/20299\/revisions"}],"wp:featuredmedia":[{"embeddable":true,"href":"https:\/\/agromt.news\/index.php?rest_route=\/wp\/v2\/media\/5328"}],"wp:attachment":[{"href":"https:\/\/agromt.news\/index.php?rest_route=%2Fwp%2Fv2%2Fmedia&parent=20299"}],"wp:term":[{"taxonomy":"category","embeddable":true,"href":"https:\/\/agromt.news\/index.php?rest_route=%2Fwp%2Fv2%2Fcategories&post=20299"},{"taxonomy":"post_tag","embeddable":true,"href":"https:\/\/agromt.news\/index.php?rest_route=%2Fwp%2Fv2%2Ftags&post=20299"}],"curies":[{"name":"wp","href":"https:\/\/api.w.org\/{rel}","templated":true}]}}