{"id":20295,"date":"2025-09-16T16:10:24","date_gmt":"2025-09-16T20:10:24","guid":{"rendered":"https:\/\/agromt.news\/?p=20295"},"modified":"2025-09-16T16:10:24","modified_gmt":"2025-09-16T20:10:24","slug":"5o-forum-da-pecuaria-o-evento-que-vai-guiar-o-setor-da-carne-brasileira","status":"publish","type":"post","link":"https:\/\/agromt.news\/?p=20295","title":{"rendered":"5\u00ba F\u00f3rum da Pecu\u00e1ria: o evento que vai guiar o setor da carne brasileira"},"content":{"rendered":"<p> <br \/>\n<\/p>\n<div>\n<p>Pecuaristas, o cen\u00e1rio global da carne brasileira est\u00e1 em um momento de mudan\u00e7a. O aumento das tarifas impostas pelos Estados Unidos sobre produtos brasileiros, em especial a carne bovina, exige um debate aprofundado sobre os rumos do setor. Confira a entrevista.<\/p>\n<figure class=\"wp-block-embed is-type-video is-provider-youtube wp-block-embed-youtube wp-embed-aspect-16-9 wp-has-aspect-ratio\">\n<p>\n<iframe title=\"5\u00ba F\u00d3RUM DA PECU\u00c1RIA: EVENTO DEBATE NOVO CEN\u00c1RIO GLOBAL DA CARNE BRASILEIRA\" width=\"800\" height=\"450\" src=\"https:\/\/www.youtube.com\/embed\/s7pZ3vcZOlI?feature=oembed\" frameborder=\"0\" allow=\"accelerometer; autoplay; clipboard-write; encrypted-media; gyroscope; picture-in-picture; web-share\" referrerpolicy=\"strict-origin-when-cross-origin\" allowfullscreen><\/iframe><noscript><iframe title=\"5\u00ba F\u00d3RUM DA PECU\u00c1RIA: EVENTO DEBATE NOVO CEN\u00c1RIO GLOBAL DA CARNE BRASILEIRA\" width=\"800\" height=\"450\" src=\"https:\/\/www.youtube.com\/embed\/s7pZ3vcZOlI?feature=oembed\" frameborder=\"0\" allow=\"accelerometer; autoplay; clipboard-write; encrypted-media; gyroscope; picture-in-picture; web-share\" referrerpolicy=\"strict-origin-when-cross-origin\" allowfullscreen><\/iframe><\/noscript>\n<\/p>\n<\/figure>\n<p>Nesta entrevista no programa <strong>Giro do Boi<\/strong>, o economista <strong>Jo\u00e3o Ot\u00e1vio Figueiredo<\/strong>, l\u00edder de pesquisa da <strong>DATAGRO Pecu\u00e1ria<\/strong>, apresentou o <strong>5\u00ba F\u00f3rum da Pecu\u00e1ria Brasil<\/strong>, um evento essencial para discutir o novo cen\u00e1rio global da carne.<\/p>\n<h2 class=\"wp-block-heading\" id=\"h-forum-pecuaria-brasil-o-debate-que-move-o-setor\"><strong>F\u00f3rum Pecu\u00e1ria Brasil: o debate que move o setor<\/strong><\/h2>\n<figure class=\"wp-block-image size-large\"><img fetchpriority=\"high\" decoding=\"async\" width=\"1024\" height=\"576\" alt=\"\" class=\"wp-image-4121399\"  data-lazy- src=\"https:\/\/agromt.news\/wp-content\/uploads\/2025\/09\/5o-Forum-da-Pecuaria-o-evento-que-vai-guiar-o.jpg\"\/><img decoding=\"async\" width=\"1024\" height=\"576\" src=\"https:\/\/agromt.news\/wp-content\/uploads\/2025\/09\/5o-Forum-da-Pecuaria-o-evento-que-vai-guiar-o.jpg\" alt=\"\" class=\"wp-image-4121399\"  \/><figcaption class=\"wp-element-caption\">Foto: Reprodu\u00e7\u00e3o\/Grupo Facholi<\/figcaption><\/figure>\n<p>O <strong>5\u00ba F\u00f3rum da Pecu\u00e1ria Brasil<\/strong>, promovido pela <strong>DATAGRO<\/strong>, se consolida como um evento crucial para o setor.<\/p>\n<p>O encontro, que ser\u00e1 realizado no dia <strong>17 de setembro<\/strong>, no World Trade Center (WTC), em S\u00e3o Paulo, tem como objetivo reunir as principais lideran\u00e7as, t\u00e9cnicos e especialistas da pecu\u00e1ria brasileira para debater quest\u00f5es atuais e estrat\u00e9gicas.<\/p>\n<p>A programa\u00e7\u00e3o do evento \u00e9 completa e abordar\u00e1:<\/p>\n<ul class=\"wp-block-list\">\n<li><strong>Perspectivas futuras do setor:<\/strong> An\u00e1lises detalhadas sobre as tend\u00eancias e inova\u00e7\u00f5es na pecu\u00e1ria.<\/li>\n<li><strong>Desafios da ind\u00fastria:<\/strong> Discuss\u00e3o sobre o mercado interno e externo, incluindo as tarifas impostas pelos Estados Unidos e a necessidade de novas estrat\u00e9gias comerciais.<\/li>\n<li><strong>Oportunidades:<\/strong> Novas perspectivas para o setor e a retomada da liquidez do contrato futuro de boi gordo na <strong>B3<\/strong>, o que pode trazer mais seguran\u00e7a e previsibilidade ao pecuarista.<\/li>\n<\/ul>\n<h2 class=\"wp-block-heading\" id=\"h-lideres-do-setor-e-dados-exclusivos\"><strong>L\u00edderes do setor e dados exclusivos<\/strong><\/h2>\n<p>O evento contar\u00e1 com a presen\u00e7a de grandes nomes do setor, como Plinio Nastari (presidente da DATAGRO), Roberto Perosa (presidente da ABIEC), Mauricio Velloso (presidente da Assocon) e S\u00e9rgio Bortolozzo (presidente da SRB), al\u00e9m de executivos de grandes frigor\u00edficos.<\/p>\n<p>Um dos destaques do f\u00f3rum ser\u00e1 a apresenta\u00e7\u00e3o dos resultados da segunda edi\u00e7\u00e3o do <strong>Indicador do Boi na Estrada<\/strong>, um projeto da DATAGRO que percorreu propriedades em nove estados e traz um retrato direto da realidade do setor, com dados concretos.<\/p>\n<p>O indicador, que \u00e9 o \u00edndice oficial da <strong>B3<\/strong>, monitora mais de <strong>75% do abate nacional<\/strong>, reunindo dados de milhares de produtores e mais de 120 frigor\u00edficos. Ele \u00e9 uma ferramenta crucial para a tomada de decis\u00f5es no mercado.<\/p>\n<p>O <strong>F\u00f3rum da Pecu\u00e1ria Brasil<\/strong> \u00e9 um espa\u00e7o para a uni\u00e3o de todos os elos da cadeia, que busca oferecer informa\u00e7\u00e3o de qualidade e um ambiente de di\u00e1logo estrat\u00e9gico para que o setor avance de forma sustent\u00e1vel e competitiva, mesmo diante de um cen\u00e1rio global desafiador.<\/p>\n<\/p><\/div>\n<p><br \/>\n<br \/><a href=\"https:\/\/www.canalrural.com.br\/pecuaria\/5o-forum-da-pecuaria-o-evento-que-vai-guiar-o-setor-da-carne-brasileira\/\">Source link <\/a><\/p>\n","protected":false},"excerpt":{"rendered":"<p>Pecuaristas, o cen\u00e1rio global da carne brasileira est\u00e1 em um momento de mudan\u00e7a. O aumento das tarifas impostas pelos Estados<\/p>\n","protected":false},"author":1,"featured_media":20296,"comment_status":"open","ping_status":"open","sticky":false,"template":"","format":"standard","meta":{"_monsterinsights_skip_tracking":false,"_monsterinsights_sitenote_active":false,"_monsterinsights_sitenote_note":"","_monsterinsights_sitenote_category":0,"_uf_show_specific_survey":0,"_uf_disable_surveys":false,"footnotes":""},"categories":[1],"tags":[],"class_list":["post-20295","post","type-post","status-publish","format-standard","has-post-thumbnail","hentry","category-news"],"_links":{"self":[{"href":"https:\/\/agromt.news\/index.php?rest_route=\/wp\/v2\/posts\/20295"}],"collection":[{"href":"https:\/\/agromt.news\/index.php?rest_route=\/wp\/v2\/posts"}],"about":[{"href":"https:\/\/agromt.news\/index.php?rest_route=\/wp\/v2\/types\/post"}],"author":[{"embeddable":true,"href":"https:\/\/agromt.news\/index.php?rest_route=\/wp\/v2\/users\/1"}],"replies":[{"embeddable":true,"href":"https:\/\/agromt.news\/index.php?rest_route=%2Fwp%2Fv2%2Fcomments&post=20295"}],"version-history":[{"count":0,"href":"https:\/\/agromt.news\/index.php?rest_route=\/wp\/v2\/posts\/20295\/revisions"}],"wp:featuredmedia":[{"embeddable":true,"href":"https:\/\/agromt.news\/index.php?rest_route=\/wp\/v2\/media\/20296"}],"wp:attachment":[{"href":"https:\/\/agromt.news\/index.php?rest_route=%2Fwp%2Fv2%2Fmedia&parent=20295"}],"wp:term":[{"taxonomy":"category","embeddable":true,"href":"https:\/\/agromt.news\/index.php?rest_route=%2Fwp%2Fv2%2Fcategories&post=20295"},{"taxonomy":"post_tag","embeddable":true,"href":"https:\/\/agromt.news\/index.php?rest_route=%2Fwp%2Fv2%2Ftags&post=20295"}],"curies":[{"name":"wp","href":"https:\/\/api.w.org\/{rel}","templated":true}]}}