{"id":20293,"date":"2025-09-16T15:56:26","date_gmt":"2025-09-16T19:56:26","guid":{"rendered":"https:\/\/agromt.news\/?p=20293"},"modified":"2025-09-16T15:56:26","modified_gmt":"2025-09-16T19:56:26","slug":"ms-da-a-largada-para-safra-de-soja-25-26-com-aposta-em-crescimento-clima-sera-fator-decisivo","status":"publish","type":"post","link":"https:\/\/agromt.news\/?p=20293","title":{"rendered":"MS d\u00e1 a largada para safra de soja 25\/26 com aposta em crescimento; clima ser\u00e1 fator decisivo"},"content":{"rendered":"<p> <br \/>\n<br \/><img decoding=\"async\" src=\"https:\/\/agromt.news\/wp-content\/uploads\/2025\/09\/MS-da-a-largada-para-safra-de-soja-2526-com.jpeg\" \/><\/p>\n<div>\n<p>Com o fim do <a href=\"https:\/\/www.canalrural.com.br\/agricultura\/projeto-soja-brasil\/vazio-sanitario-chega-ao-fim-em-diferentes-regioes-safra-exige-atencao-redobrada-dos-produtores\/\">vazio sanit\u00e1rio<\/a> nesta segunda-feira (15), os produtores de Mato Grosso do Sul est\u00e3o liberados para iniciar o plantio da safra de soja 2025\/26 a partir de hoje. A expectativa \u00e9 de uma <a href=\"https:\/\/www.canalrural.com.br\/agricultura\/projeto-soja-brasil\/\">temporada <\/a>de crescimento, tanto na \u00e1rea cultivada quanto na produ\u00e7\u00e3o, em compara\u00e7\u00e3o ao ciclo anterior.<\/p>\n<ul class=\"wp-block-list\">\n<li><strong><em>Fique por dentro das novidades e not\u00edcias recentes sobre a soja! Participe da nossa comunidade atrav\u00e9s do\u00a0<a href=\"https:\/\/chat.whatsapp.com\/BmMRwA0TZ2DHGyhzoaVEWu\">link<\/a>! \ud83c\udf31<\/em><\/strong><\/li>\n<\/ul>\n<p>Segundo a Aprosoja-MS, a \u00e1rea plantada deve chegar a quase 4,8 milh\u00f5es de hectares, um aumento de 5,9% em rela\u00e7\u00e3o \u00e0 safra passada. A produ\u00e7\u00e3o tamb\u00e9m deve avan\u00e7ar, alcan\u00e7ando cerca de 15,2 milh\u00f5es de toneladas, 8,1% a mais que no \u00faltimo ciclo. A produtividade m\u00e9dia projetada \u00e9 de 52,8 sacas por hectare.<\/p>\n<p>Para o presidente da entidade, Jorge Michelc, o in\u00edcio do plantio \u00e9 um momento de confian\u00e7a para o setor, mas que precisa ser acompanhado de cautela diante dos desafios clim\u00e1ticos e econ\u00f4micos.<\/p>\n<p>\u201cMato Grosso do Sul vive uma expans\u00e3o consistente da soja, fruto da dedica\u00e7\u00e3o dos produtores e do uso de novas tecnologias de manejo. Mas sabemos que o clima ser\u00e1 decisivo para transformar esse potencial em realidade. Planejamento e pr\u00e1ticas modernas ser\u00e3o fundamentais para garantir os resultados esperados e fortalecer ainda mais a posi\u00e7\u00e3o do nosso estado no cen\u00e1rio nacional\u201d, destacou.<\/p>\n<h3 class=\"wp-block-heading\" id=\"h-clima-e-custos\">Clima e custos<\/h3>\n<p>Apesar do otimismo, o desempenho da safra ainda depende das chuvas, que costumam ser irregulares e j\u00e1 causaram perdas importantes em anos anteriores. A estimativa de produtividade foi feita de forma moderada justamente para considerar essa incerteza.<\/p>\n<h3 class=\"wp-block-heading\" id=\"h-perspectiva-para-o-plantio-de-soja\">Perspectiva para o plantio de soja <\/h3>\n<p>Com mais \u00e1rea plantada, expectativa de aumento na produ\u00e7\u00e3o e um mercado externo aquecido, Mato Grosso do Sul entra na safra 2025\/26 em posi\u00e7\u00e3o de destaque. \u201cO cen\u00e1rio \u00e9 positivo, mas exige equil\u00edbrio entre otimismo e prud\u00eancia. A capacidade de unir tecnologia, planejamento e gest\u00e3o de risco ser\u00e1 essencial para transformar proje\u00e7\u00f5es em resultados\u201d, conclui Jorge.<\/p>\n<h3 class=\"wp-block-heading\" id=\"h-abertura-nacional-do-plantio-de-soja\">Abertura Nacional do Plantio de soja <\/h3>\n<p>Com o refor\u00e7o de que o estado se destaca na produ\u00e7\u00e3o de soja, o munic\u00edpio de Sidrol\u00e2ndia (MS) receber\u00e1 a <a href=\"https:\/\/www.canalrural.com.br\/?s=Abertura+Nacional+do+Plantio+da+Soja\">Abertura Nacional do Plantio da Soja<\/a>. O evento acontece no dia 3 de outubro, \u00e0s 9h (hor\u00e1rio de Bras\u00edlia), direto da Fazenda Recanto, e marca o in\u00edcio da safra de soja 2025\/26. O processo de inscri\u00e7\u00e3o \u00e9 bem simples: basta acessar o <a href=\"https:\/\/eventos.canalrural.com.br\/plantio-da-soja?_gl=1*xj3xuw*_ga*NTk3MzU1NjEzLjE3NDg2MTcyMTY.*_ga_4Z7XXTBDRP*czE3NTY5MzA5NDMkbzIxJGcxJHQxNzU2OTMyOTc3JGo2MCRsMCRoMA..*_gcl_au*MTE5OTgzODIzMi4xNzUyMjUxOTMz*_ga_Y1X353CDF4*czE3NTY5MzA5NDIkbzQ3JGcxJHQxNzU2OTMyOTc4JGo1MCRsMCRoMTIyNzc3MDY5Nw..\">link<\/a>, preencher os dados e garantir sua vaga. <\/p>\n<\/p><\/div>\n<p><br \/>\n<br \/><a href=\"https:\/\/www.canalrural.com.br\/agricultura\/projeto-soja-brasil\/ms-da-a-largada-para-safra-de-soja-25-26-com-aposta-em-crescimento-clima-sera-fator-decisivo\/\">Source link <\/a><\/p>\n","protected":false},"excerpt":{"rendered":"<p>Com o fim do vazio sanit\u00e1rio nesta segunda-feira (15), os produtores de Mato Grosso do Sul est\u00e3o liberados para iniciar<\/p>\n","protected":false},"author":1,"featured_media":20294,"comment_status":"open","ping_status":"open","sticky":false,"template":"","format":"standard","meta":{"_monsterinsights_skip_tracking":false,"_monsterinsights_sitenote_active":false,"_monsterinsights_sitenote_note":"","_monsterinsights_sitenote_category":0,"_uf_show_specific_survey":0,"_uf_disable_surveys":false,"footnotes":""},"categories":[1],"tags":[],"class_list":["post-20293","post","type-post","status-publish","format-standard","has-post-thumbnail","hentry","category-news"],"_links":{"self":[{"href":"https:\/\/agromt.news\/index.php?rest_route=\/wp\/v2\/posts\/20293"}],"collection":[{"href":"https:\/\/agromt.news\/index.php?rest_route=\/wp\/v2\/posts"}],"about":[{"href":"https:\/\/agromt.news\/index.php?rest_route=\/wp\/v2\/types\/post"}],"author":[{"embeddable":true,"href":"https:\/\/agromt.news\/index.php?rest_route=\/wp\/v2\/users\/1"}],"replies":[{"embeddable":true,"href":"https:\/\/agromt.news\/index.php?rest_route=%2Fwp%2Fv2%2Fcomments&post=20293"}],"version-history":[{"count":0,"href":"https:\/\/agromt.news\/index.php?rest_route=\/wp\/v2\/posts\/20293\/revisions"}],"wp:featuredmedia":[{"embeddable":true,"href":"https:\/\/agromt.news\/index.php?rest_route=\/wp\/v2\/media\/20294"}],"wp:attachment":[{"href":"https:\/\/agromt.news\/index.php?rest_route=%2Fwp%2Fv2%2Fmedia&parent=20293"}],"wp:term":[{"taxonomy":"category","embeddable":true,"href":"https:\/\/agromt.news\/index.php?rest_route=%2Fwp%2Fv2%2Fcategories&post=20293"},{"taxonomy":"post_tag","embeddable":true,"href":"https:\/\/agromt.news\/index.php?rest_route=%2Fwp%2Fv2%2Ftags&post=20293"}],"curies":[{"name":"wp","href":"https:\/\/api.w.org\/{rel}","templated":true}]}}