{"id":20291,"date":"2025-09-16T15:42:20","date_gmt":"2025-09-16T19:42:20","guid":{"rendered":"https:\/\/agromt.news\/?p=20291"},"modified":"2025-09-16T15:42:20","modified_gmt":"2025-09-16T19:42:20","slug":"sexta-onda-de-calor-deve-atingir-10-estados-veja-quando-comeca-e-as-areas-impactadas","status":"publish","type":"post","link":"https:\/\/agromt.news\/?p=20291","title":{"rendered":"Sexta onda de calor deve atingir 10 estados: veja quando come\u00e7a e as \u00e1reas impactadas"},"content":{"rendered":"<p> <br \/>\n<\/p>\n<div>\n<p>A primeira quinzena de setembro j\u00e1 trouxe term\u00f4metros acima dos 41\u00b0C nos estados de Mato Grosso do Sul, Mato Grosso, Goi\u00e1s e Tocantins. Contudo, nos pr\u00f3ximos dias, as temperaturas v\u00e3o aumentar em \u00e1reas ainda mais abrangentes e o Brasil viver\u00e1 a sexta onda de calor do ano. <\/p>\n<div data-icp-cta=\"1\" id=\"icp-cta-unique\">Voc\u00ea quer entender como usar o clima a seu favor?<b> <\/b><a href=\"https:\/\/climacampo.canalrural.com.br\/climacampo_-01\">Preparamos um e-book exclusivo<\/a> para ajudar produtores rurais a se antecipar \u00e0s mudan\u00e7as do tempo e planejar melhor suas a\u00e7\u00f5es. Com base em previs\u00f5es meteorol\u00f3gicas confi\u00e1veis, ele oferece orienta\u00e7\u00f5es pr\u00e1ticas para proteger sua lavoura e otimizar seus resultados.<\/div>\n<p>De acordo com a Climatempo, o fen\u00f4meno deve come\u00e7ar na pr\u00f3xima quinta-feira (18) e se estender\u00e1 at\u00e9 a pr\u00f3xima segunda (22), ou seja, no in\u00edcio da primera, que come\u00e7a, oficialmente, \u00e0s 15h19, pelo hor\u00e1rio de Bras\u00edlia.<\/p>\n<p>No mapa de refer\u00eancia abaixo, a \u00e1rea vermelha representa as regi\u00f5es do pa\u00eds que estar\u00e3o em onda de calor, onde as temperaturas devem ficar pelo menos 5\u00b0C acima da m\u00e9dia normal para setembro, ou seja, partes de <strong><a href=\"https:\/\/www.canalrural.com.br\/nacional\/parana\/\">Paran\u00e1<\/a><\/strong>, S\u00e3o Paulo, Minas Gerais, Bahia, Mato Grosso, Tocantins, Maranh\u00e3o, Piau\u00ed, al\u00e9m da totalidade dos estados de Mato Grosso do Sul e Goi\u00e1s. <\/p>\n<figure class=\"wp-block-image size-full\"><img fetchpriority=\"high\" decoding=\"async\" width=\"995\" height=\"560\" alt=\"sexta onda de calor\" class=\"wp-image-4122850\"  data-lazy- src=\"https:\/\/agromt.news\/wp-content\/uploads\/2025\/09\/Sexta-onda-de-calor-deve-atingir-10-estados-veja-quando.jpeg\"\/><img decoding=\"async\" width=\"995\" height=\"560\" src=\"https:\/\/agromt.news\/wp-content\/uploads\/2025\/09\/Sexta-onda-de-calor-deve-atingir-10-estados-veja-quando.jpeg\" alt=\"sexta onda de calor\" class=\"wp-image-4122850\"  \/><figcaption class=\"wp-element-caption\">Foto: Divulga\u00e7\u00e3o Climatempo<\/figcaption><\/figure>\n<p>J\u00e1 \u00e1rea laranja tamb\u00e9m indica calor intenso, mas com temperaturas entre 3\u00b0C e 5\u00b0C acima da m\u00e9dia para esta \u00e9poca do ano.<\/p>\n<h2 class=\"wp-block-heading\" id=\"h-calor-acima-dos-40-c\">Calor acima dos 40\u00b0C<\/h2>\n<p>Temperaturas acima dos 40\u00b0C voltam ser registradas em v\u00e1rios locais do Centro-Oeste, do Norte e do Nordeste do Brasil. <\/p>\n<p>Segundo a Climatempo, \u00e9 poss\u00edvel que novos recordes de calor para este ano sejam estabelecidos em capitais como Goi\u00e2nia, Bras\u00edlia, Campo Grande, Cuiab\u00e1 e Palmas.<\/p>\n<\/p><\/div>\n<p><br \/>\n<br \/><a href=\"https:\/\/www.canalrural.com.br\/tempo\/sexta-onda-de-calor-deve-atingir-10-estados-veja-quando-comeca-e-as-areas-impactadas\/\">Source link <\/a><\/p>\n","protected":false},"excerpt":{"rendered":"<p>A primeira quinzena de setembro j\u00e1 trouxe term\u00f4metros acima dos 41\u00b0C nos estados de Mato Grosso do Sul, Mato Grosso,<\/p>\n","protected":false},"author":1,"featured_media":20292,"comment_status":"open","ping_status":"open","sticky":false,"template":"","format":"standard","meta":{"_monsterinsights_skip_tracking":false,"_monsterinsights_sitenote_active":false,"_monsterinsights_sitenote_note":"","_monsterinsights_sitenote_category":0,"_uf_show_specific_survey":0,"_uf_disable_surveys":false,"footnotes":""},"categories":[1],"tags":[],"class_list":["post-20291","post","type-post","status-publish","format-standard","has-post-thumbnail","hentry","category-news"],"_links":{"self":[{"href":"https:\/\/agromt.news\/index.php?rest_route=\/wp\/v2\/posts\/20291"}],"collection":[{"href":"https:\/\/agromt.news\/index.php?rest_route=\/wp\/v2\/posts"}],"about":[{"href":"https:\/\/agromt.news\/index.php?rest_route=\/wp\/v2\/types\/post"}],"author":[{"embeddable":true,"href":"https:\/\/agromt.news\/index.php?rest_route=\/wp\/v2\/users\/1"}],"replies":[{"embeddable":true,"href":"https:\/\/agromt.news\/index.php?rest_route=%2Fwp%2Fv2%2Fcomments&post=20291"}],"version-history":[{"count":0,"href":"https:\/\/agromt.news\/index.php?rest_route=\/wp\/v2\/posts\/20291\/revisions"}],"wp:featuredmedia":[{"embeddable":true,"href":"https:\/\/agromt.news\/index.php?rest_route=\/wp\/v2\/media\/20292"}],"wp:attachment":[{"href":"https:\/\/agromt.news\/index.php?rest_route=%2Fwp%2Fv2%2Fmedia&parent=20291"}],"wp:term":[{"taxonomy":"category","embeddable":true,"href":"https:\/\/agromt.news\/index.php?rest_route=%2Fwp%2Fv2%2Fcategories&post=20291"},{"taxonomy":"post_tag","embeddable":true,"href":"https:\/\/agromt.news\/index.php?rest_route=%2Fwp%2Fv2%2Ftags&post=20291"}],"curies":[{"name":"wp","href":"https:\/\/api.w.org\/{rel}","templated":true}]}}