{"id":20288,"date":"2025-09-16T14:58:38","date_gmt":"2025-09-16T18:58:38","guid":{"rendered":"https:\/\/agromt.news\/?p=20288"},"modified":"2025-09-16T14:58:38","modified_gmt":"2025-09-16T18:58:38","slug":"adesao-brasileira-ao-tratado-de-budapeste-reduzira-custos-com-bioinsumos-diz-setor","status":"publish","type":"post","link":"https:\/\/agromt.news\/?p=20288","title":{"rendered":"Ades\u00e3o brasileira ao Tratado de Budapeste reduzir\u00e1 custos com bioinsumos, diz setor"},"content":{"rendered":"<p> <br \/>\n<br \/><img decoding=\"async\" src=\"https:\/\/agromt.news\/wp-content\/uploads\/2025\/09\/Adesao-brasileira-ao-Tratado-de-Budapeste-reduzira-custos-com-bioinsumos.jpg\" \/><\/p>\n<div>\n<p>O Brasil formalizou sua ades\u00e3o ao Tratado de Budapeste, acordo internacional que unifica procedimentos de dep\u00f3sito de microrganismos para fins de patente. Na vis\u00e3o da Associa\u00e7\u00e3o Brasileira de Ind\u00fastrias de Bioinsumos <strong><a href=\"https:\/\/www.canalrural.com.br\/tag\/abinbio\/\">(Abinbio)<\/a><\/strong>, trata-se de um passo estrat\u00e9gico para o futuro da biotecnologia e do agroneg\u00f3cio nacionais. <\/p>\n<p>A anu\u00eancia do pa\u00eds ao acordo aconteceu ap\u00f3s a publica\u00e7\u00e3o do Decreto Legislativo n\u00ba 174\/25. Para o setor produtivo, o movimento tem sido visto como um divisor de \u00e1guas, especialmente para as ind\u00fastrias de bioinsumos, segmento que cresce em ritmo acelerado no pa\u00eds.<\/p>\n<p>Assim, a expectativa \u00e9 que a medida signifique n\u00e3o apenas a redu\u00e7\u00e3o de custos e a desburocratiza\u00e7\u00e3o de processos, mas tamb\u00e9m o fortalecimento da soberania cient\u00edfica e da competitividade das empresas brasileiras.<\/p>\n<p>\u201cEstamos diante de um marco regulat\u00f3rio que ter\u00e1 impacto direto no ambiente de neg\u00f3cios. A ades\u00e3o representa menos barreiras burocr\u00e1ticas, maior seguran\u00e7a jur\u00eddica para proteger nossas inova\u00e7\u00f5es e um cen\u00e1rio mais atrativo para investimentos no setor de bioinsumos e biotecnologia\u201d, avalia o diretor de Rela\u00e7\u00f5es Internacionais da Abinbio, Mauro Heringer.<\/p>\n<h2 class=\"wp-block-heading\" id=\"h-na-pratica-o-que-muda\">Na pr\u00e1tica, o que muda?<\/h2>\n<p>At\u00e9 agora, empresas e pesquisadores brasileiros eram obrigados a recorrer a institui\u00e7\u00f5es estrangeiras para fazer o dep\u00f3sito de microrganismos necess\u00e1rios \u00e0 prote\u00e7\u00e3o de patentes em biotecnologia. <\/p>\n<p>Segundo a Abinbio, esse processo gerava custos financeiros significativos e processos burocr\u00e1ticos que, muitas vezes, inviabilizavam pesquisas de ponta.<\/p>\n<p>Desta forma, com a ades\u00e3o ao Tratado, o Brasil passa a ter a possibilidade de credenciar institui\u00e7\u00f5es nacionais como Autoridades Deposit\u00e1rias Internacionais (IDAs). Organiza\u00e7\u00f5es como a Embrapa Cenargen e a Funda\u00e7\u00e3o Oswaldo Cruz (Fiocruz) est\u00e3o entre as candidatas naturais a sediar esse servi\u00e7o estrat\u00e9gico.<\/p>\n<p>\u201cMuitos empreendedores do setor de bioinsumos simplesmente desistiam de levar adiante patentes internacionais pela complexidade e pelo custo de faz\u00ea-las fora do pa\u00eds. Com o Tratado, teremos efici\u00eancia operacional, redu\u00e7\u00e3o de custos em moeda estrangeira e mais agilidade. Isso altera de forma decisiva o nosso ambiente de neg\u00f3cios\u201d, considera Heringer.<\/p>\n<h2 class=\"wp-block-heading\" id=\"h-mercado-brasileiro-de-bioinsumos\">Mercado brasileiro de bioinsumos<\/h2>\n<p>O mercado global de bioinsumos \u00e9 um dos que mais crescem no setor agr\u00edcola, com demanda crescente por solu\u00e7\u00f5es sustent\u00e1veis que substituam defensivos qu\u00edmicos ou complementem processos produtivos. <\/p>\n<p>Segundo analistas de mercado, o Brasil j\u00e1 desponta como uma das principais fronteiras para o desenvolvimento de bioinsumos, tanto na agricultura quanto em aplica\u00e7\u00f5es m\u00e9dicas e industriais. Na safra 23\/24, por exemplo, houve avan\u00e7o de 15% na ado\u00e7\u00e3o de produtos de controle, inoculantes, bioestimulantes e solubilizadores em compara\u00e7\u00e3o \u00e0 temporada anterior, conforme dados da Croplife Brasil.<\/p>\n<p>Para a Abinbio a ades\u00e3o ao Tratado de Budapeste far\u00e1 com que o pa\u00eds crie as condi\u00e7\u00f5es para acelerar ainda mais esse crescimento e se posicionar de forma mais competitiva no mercado internacional.<\/p>\n<p>\u201cOs bioinsumos t\u00eam um papel central na transi\u00e7\u00e3o para uma agricultura mais sustent\u00e1vel e competitiva. A ades\u00e3o fortalece o setor em todas as etapas \u2013 da pesquisa e inova\u00e7\u00e3o at\u00e9 a chegada do produto ao mercado. Essa medida envia uma mensagem clara para investidores: o Brasil \u00e9 seguro para inovar\u201d, observa Heringer.<\/p>\n<p>A Abinbio ressalta que o maior ganho da ades\u00e3o, al\u00e9m da redu\u00e7\u00e3o de custos, \u00e9 a integra\u00e7\u00e3o internacional. Isso porque o modelo do Tratado de Budapeste garante que um \u00fanico dep\u00f3sito seja reconhecido em todos os pa\u00edses signat\u00e1rios, eliminando duplicidades que antes drenavam tempo e recursos.<\/p>\n<p>\u201cEstamos falando de algo que vai muito al\u00e9m do nosso setor. \u00c9 um avan\u00e7o que impacta desde startups at\u00e9 grandes multinacionais instaladas no Brasil. A ades\u00e3o cria um ecossistema inovador mais robusto, capaz de acelerar a chegada de novos bioinsumos ao campo e de novas tecnologias \u00e0 ind\u00fastria\u201d, destaca o diretor.<\/p>\n<p>Na vis\u00e3o da Associa\u00e7\u00e3o, a medida pode atrair um ciclo crescente de investimentos e parcerias estrat\u00e9gicas, com multinacionais podendo encontrar no Brasil um ambiente mais competitivo e, enquanto isso, as empresas nacionais podem ter mais condi\u00e7\u00f5es de transformar conhecimento cient\u00edfico em produtos de alto valor agregado.<\/p>\n<p>\u201cO Brasil agora mostra ao mundo que est\u00e1 preparado para competir em um dos setores mais estrat\u00e9gicos do futuro: a biotecnologia. Isso ter\u00e1 reflexos diretos na gera\u00e7\u00e3o de empregos qualificados, na balan\u00e7a comercial e na autonomia tecnol\u00f3gica nacional\u201d, conclui Heringer.<\/p>\n<\/p><\/div>\n<p><br \/>\n<br \/><a href=\"https:\/\/www.canalrural.com.br\/agricultura\/adesao-brasileira-ao-tratado-de-budapeste-reduzira-custos-com-bioinsumos-diz-setor\/\">Source link <\/a><\/p>\n","protected":false},"excerpt":{"rendered":"<p>O Brasil formalizou sua ades\u00e3o ao Tratado de Budapeste, acordo internacional que unifica procedimentos de dep\u00f3sito de microrganismos para fins<\/p>\n","protected":false},"author":1,"featured_media":20289,"comment_status":"open","ping_status":"open","sticky":false,"template":"","format":"standard","meta":{"_monsterinsights_skip_tracking":false,"_monsterinsights_sitenote_active":false,"_monsterinsights_sitenote_note":"","_monsterinsights_sitenote_category":0,"_uf_show_specific_survey":0,"_uf_disable_surveys":false,"footnotes":""},"categories":[1],"tags":[],"class_list":["post-20288","post","type-post","status-publish","format-standard","has-post-thumbnail","hentry","category-news"],"_links":{"self":[{"href":"https:\/\/agromt.news\/index.php?rest_route=\/wp\/v2\/posts\/20288"}],"collection":[{"href":"https:\/\/agromt.news\/index.php?rest_route=\/wp\/v2\/posts"}],"about":[{"href":"https:\/\/agromt.news\/index.php?rest_route=\/wp\/v2\/types\/post"}],"author":[{"embeddable":true,"href":"https:\/\/agromt.news\/index.php?rest_route=\/wp\/v2\/users\/1"}],"replies":[{"embeddable":true,"href":"https:\/\/agromt.news\/index.php?rest_route=%2Fwp%2Fv2%2Fcomments&post=20288"}],"version-history":[{"count":0,"href":"https:\/\/agromt.news\/index.php?rest_route=\/wp\/v2\/posts\/20288\/revisions"}],"wp:featuredmedia":[{"embeddable":true,"href":"https:\/\/agromt.news\/index.php?rest_route=\/wp\/v2\/media\/20289"}],"wp:attachment":[{"href":"https:\/\/agromt.news\/index.php?rest_route=%2Fwp%2Fv2%2Fmedia&parent=20288"}],"wp:term":[{"taxonomy":"category","embeddable":true,"href":"https:\/\/agromt.news\/index.php?rest_route=%2Fwp%2Fv2%2Fcategories&post=20288"},{"taxonomy":"post_tag","embeddable":true,"href":"https:\/\/agromt.news\/index.php?rest_route=%2Fwp%2Fv2%2Ftags&post=20288"}],"curies":[{"name":"wp","href":"https:\/\/api.w.org\/{rel}","templated":true}]}}