{"id":20286,"date":"2025-09-16T14:43:38","date_gmt":"2025-09-16T18:43:38","guid":{"rendered":"https:\/\/agromt.news\/?p=20286"},"modified":"2025-09-16T14:43:38","modified_gmt":"2025-09-16T18:43:38","slug":"a-abertura-nacional-do-plantio-da-soja-tem-dia-local-e-hora-participe","status":"publish","type":"post","link":"https:\/\/agromt.news\/?p=20286","title":{"rendered":"A Abertura Nacional do Plantio da Soja tem dia, local e hora; participe!"},"content":{"rendered":"<p> <br \/>\n<br \/><img decoding=\"async\" src=\"https:\/\/agromt.news\/wp-content\/uploads\/2025\/09\/A-Abertura-Nacional-do-Plantio-da-Soja-tem-dia-local.png\" \/><\/p>\n<div>\n<p>Aten\u00e7\u00e3o, sojicultor: a menos de vinte dias para a <a href=\"https:\/\/www.canalrural.com.br\/?s=Abertura+Nacional+do+Plantio+da+Soja\">Abertura Nacional do Plantio da Soja<\/a>, as inscri\u00e7\u00f5es seguem abertas para quem deseja acompanhar o evento de forma presencial. O encontro marca o in\u00edcio da safra de soja 2025\/26 e o processo de inscri\u00e7\u00e3o \u00e9 bem simples: basta acessar o <a href=\"https:\/\/eventos.canalrural.com.br\/plantio-da-soja?_gl=1*xj3xuw*_ga*NTk3MzU1NjEzLjE3NDg2MTcyMTY.*_ga_4Z7XXTBDRP*czE3NTY5MzA5NDMkbzIxJGcxJHQxNzU2OTMyOTc3JGo2MCRsMCRoMA..*_gcl_au*MTE5OTgzODIzMi4xNzUyMjUxOTMz*_ga_Y1X353CDF4*czE3NTY5MzA5NDIkbzQ3JGcxJHQxNzU2OTMyOTc4JGo1MCRsMCRoMTIyNzc3MDY5Nw..\">link<\/a>, preencher os dados e garantir sua vaga. Vale dizer que toda a celebra\u00e7\u00e3o ser\u00e1 transmitida, tamb\u00e9m, pelo canal do <a href=\"https:\/\/www.youtube.com\/watch?v=X02Z3JTRyGI\">Canal Rural no Youtube.<\/a><\/p>\n<ul class=\"wp-block-list\">\n<li><strong><em>Fique por dentro das novidades e not\u00edcias recentes sobre a soja! Participe da nossa comunidade atrav\u00e9s do\u00a0<a href=\"https:\/\/chat.whatsapp.com\/BmMRwA0TZ2DHGyhzoaVEWu\">link<\/a>! \ud83c\udf31<\/em><\/strong><\/li>\n<\/ul>\n<p><iframe title=\"Abertura Nacional do Plantio da Soja 25\/26\" width=\"800\" height=\"450\" src=\"https:\/\/www.youtube.com\/embed\/X02Z3JTRyGI?feature=oembed\" frameborder=\"0\" allow=\"accelerometer; autoplay; clipboard-write; encrypted-media; gyroscope; picture-in-picture; web-share\" referrerpolicy=\"strict-origin-when-cross-origin\" allowfullscreen><\/iframe><\/p>\n<p>A <a href=\"https:\/\/www.youtube.com\/watch?v=X02Z3JTRyGI\">cerim\u00f4nia <\/a>ser\u00e1 realizada no dia 3 de outubro, a partir das 9h (hor\u00e1rio de Bras\u00edlia), na Fazenda Recanto, em Sidrol\u00e2ndia (MS), e tamb\u00e9m celebra o in\u00edcio da 14\u00aa temporada do projeto Soja Brasil.<\/p>\n<p>Organizado pelo Canal Rural, em parceria com a <a href=\"https:\/\/aprosojabrasil.com.br\/\">Aprosoja Brasil<\/a>, o evento reunir\u00e1 autoridades, produtores rurais e especialistas para debater temas como o mercado mundial da soja, condi\u00e7\u00f5es clim\u00e1ticas e cen\u00e1rio geopol\u00edtico.<\/p>\n<h3 class=\"wp-block-heading\" id=\"h-o-evento\">O evento <\/h3>\n<p>Al\u00e9m das discuss\u00f5es, os participantes poder\u00e3o acompanhar m\u00e1quinas agr\u00edcolas em opera\u00e7\u00e3o no campo e participar de um almo\u00e7o de confraterniza\u00e7\u00e3o.<\/p>\n<\/p><\/div>\n<p><br \/>\n<br \/><a href=\"https:\/\/www.canalrural.com.br\/agricultura\/projeto-soja-brasil\/a-abertura-nacional-do-plantio-da-soja-tem-dia-local-e-hora-participe\/\">Source link <\/a><\/p>\n","protected":false},"excerpt":{"rendered":"<p>Aten\u00e7\u00e3o, sojicultor: a menos de vinte dias para a Abertura Nacional do Plantio da Soja, as inscri\u00e7\u00f5es seguem abertas para<\/p>\n","protected":false},"author":1,"featured_media":20287,"comment_status":"open","ping_status":"open","sticky":false,"template":"","format":"standard","meta":{"_monsterinsights_skip_tracking":false,"_monsterinsights_sitenote_active":false,"_monsterinsights_sitenote_note":"","_monsterinsights_sitenote_category":0,"_uf_show_specific_survey":0,"_uf_disable_surveys":false,"footnotes":""},"categories":[1],"tags":[],"class_list":["post-20286","post","type-post","status-publish","format-standard","has-post-thumbnail","hentry","category-news"],"_links":{"self":[{"href":"https:\/\/agromt.news\/index.php?rest_route=\/wp\/v2\/posts\/20286"}],"collection":[{"href":"https:\/\/agromt.news\/index.php?rest_route=\/wp\/v2\/posts"}],"about":[{"href":"https:\/\/agromt.news\/index.php?rest_route=\/wp\/v2\/types\/post"}],"author":[{"embeddable":true,"href":"https:\/\/agromt.news\/index.php?rest_route=\/wp\/v2\/users\/1"}],"replies":[{"embeddable":true,"href":"https:\/\/agromt.news\/index.php?rest_route=%2Fwp%2Fv2%2Fcomments&post=20286"}],"version-history":[{"count":0,"href":"https:\/\/agromt.news\/index.php?rest_route=\/wp\/v2\/posts\/20286\/revisions"}],"wp:featuredmedia":[{"embeddable":true,"href":"https:\/\/agromt.news\/index.php?rest_route=\/wp\/v2\/media\/20287"}],"wp:attachment":[{"href":"https:\/\/agromt.news\/index.php?rest_route=%2Fwp%2Fv2%2Fmedia&parent=20286"}],"wp:term":[{"taxonomy":"category","embeddable":true,"href":"https:\/\/agromt.news\/index.php?rest_route=%2Fwp%2Fv2%2Fcategories&post=20286"},{"taxonomy":"post_tag","embeddable":true,"href":"https:\/\/agromt.news\/index.php?rest_route=%2Fwp%2Fv2%2Ftags&post=20286"}],"curies":[{"name":"wp","href":"https:\/\/api.w.org\/{rel}","templated":true}]}}