{"id":20284,"date":"2025-09-16T14:28:41","date_gmt":"2025-09-16T18:28:41","guid":{"rendered":"https:\/\/agromt.news\/?p=20284"},"modified":"2025-09-16T14:28:41","modified_gmt":"2025-09-16T18:28:41","slug":"alckmin-diz-que-acordo-entre-mercosul-e-efta-e-estrategico-e-decisivo","status":"publish","type":"post","link":"https:\/\/agromt.news\/?p=20284","title":{"rendered":"Alckmin diz que acordo entre Mercosul e Efta \u00e9 estrat\u00e9gico e decisivo"},"content":{"rendered":"<p> <br \/>\n<br \/><img decoding=\"async\" src=\"https:\/\/agromt.news\/wp-content\/uploads\/2025\/09\/Alckmin-diz-que-acordo-entre-Mercosul-e-Efta-e-estrategico.jpeg\" \/><\/p>\n<div>\n<p>O vice-presidente e ministro do Desenvolvimento, Ind\u00fastria, Com\u00e9rcio e Servi\u00e7os (MDIC), Geraldo Alckmin, classificou como \u201cestrat\u00e9gico e decisivo\u201d <a href=\"https:\/\/www.canalrural.com.br\/economia\/mercosul-e-efta-assinam-acordo-de-livre-comercio\/\">o acordo de livre com\u00e9rcio entre Mercosul e a Associa\u00e7\u00e3o Europeia de Livre Com\u00e9rcio (EFTA)<\/a>, assinado nesta ter\u00e7a-feira (16\/9). O acordo fortalece a inser\u00e7\u00e3o dos pa\u00edses do bloco sul-americano no continente europeu e apresenta novas oportunidades comerciais para os exportadores brasileiros.<\/p>\n<p>\u201c\u00c9 um passo estrat\u00e9gico e decisivo para a pol\u00edtica comercial do Brasil e para o Mercosul. O acordo mostra ao mundo que o Brasil est\u00e1 pronto para competir e cooperar em alto n\u00edvel\u201d, afirmou Alckmin.<\/p>\n<p>Com popula\u00e7\u00e3o de 15 milh\u00f5es de habitantes e Produto Interno Bruto (PIB) de US$ 1,4 trilh\u00e3o, os quatro pa\u00edses da EFTA (Su\u00ed\u00e7a, Noruega, Liechtenstein e Isl\u00e2ndia) est\u00e3o entre os maiores PIB per capita do mundo.<\/p>\n<p>Para o Brasil, o acordo amplia a rede de parceiros comerciais em um cen\u00e1rio internacional de crescente protecionismo.<\/p>\n<p>Alckmin disse ainda que a parceria \u00e9 importante tamb\u00e9m em aspectos que v\u00e3o al\u00e9m do comercial, ao refor\u00e7ar valores como democracia, direitos humanos e sustentabilidade. \u201cAbrir mercados n\u00e3o \u00e9 apenas sobre com\u00e9rcio exterior. \u00c9 sobre aumentar a renda da popula\u00e7\u00e3o, fortalecer a ind\u00fastria e tornar o Brasil mais competitivo no cen\u00e1rio global. \u00c9 com\u00e9rcio com prop\u00f3sito\u201d, disse.<\/p>\n<p>O vice-presidente que o governo tem trabalhado para a finaliza\u00e7\u00e3o do Acordo Mercosul\u2013Uni\u00e3o Europeia e do Acordo Mercosul\u2013Singapura, bem como para concluir negocia\u00e7\u00f5es com os Emirados \u00c1rabes Unidos, retomar conversas com o Canad\u00e1 e expandir acordos j\u00e1 existentes com o M\u00e9xico e a \u00cdndia.<\/p>\n<p>Segundo dados de 2024, a conclus\u00e3o das negocia\u00e7\u00f5es com EFTA, Uni\u00e3o Europeia e Singapura aumenta em 152% a corrente de com\u00e9rcio brasileira sob regimes preferenciais, saltando de US$ 73,1 bilh\u00f5es para US$ 184,5 bilh\u00f5es.<\/p>\n<p>Acordo<br \/>Pelos termos do acordo, a EFTA eliminar\u00e1 100% das tarifas de importa\u00e7\u00e3o sobre produtos industriais e pesqueiros. Quase 99% das exporta\u00e7\u00f5es brasileiras destinadas ao bloco ter\u00e3o livre acesso.<\/p>\n<p>J\u00e1 o Brasil colocar\u00e1 97% do com\u00e9rcio bilateral em liberaliza\u00e7\u00e3o imediata, mantendo margens de prote\u00e7\u00e3o em setores sens\u00edveis.<\/p>\n<p>O pa\u00eds tamb\u00e9m garantiu a exclus\u00e3o de compras relacionadas ao SUS e manteve flexibilidade para utilizar encomendas tecnol\u00f3gicas e pol\u00edticas de compras governamentais em favor da ind\u00fastria nacional.<\/p>\n<p>H\u00e1 t\u00f3picos tamb\u00e9m sobre barreiras t\u00e9cnicas, medidas sanit\u00e1rias e fitossanit\u00e1rias e facilita\u00e7\u00e3o de com\u00e9rcio, que promovem transpar\u00eancia e previsibilidade ao com\u00e9rcio entre os blocos<\/p>\n<p>\u201cO acordo ampliar\u00e1 as oportunidades para setores diversos da economia brasileira, do agro \u00e0 ind\u00fastria de transforma\u00e7\u00e3o, refor\u00e7ando nosso compromisso por um com\u00e9rcio internacional baseado em regras e a busca do governo brasileiro por um pa\u00eds mais integrado, competitivo e preparado para os desafios do futuro\u201d, comenta a Secret\u00e1ria de Com\u00e9rcio Exterior (Secex) do MDIC, Tatiana Prazeres.<\/p>\n<h2 class=\"wp-block-heading\" id=\"h-impactos\">Impactos<\/h2>\n<p>Estudos estimam que, at\u00e9 2044, o tratado poder\u00e1 adicionar R$ 2,69 bilh\u00f5es ao PIB brasileiro, atrair R$ 660 milh\u00f5es em novos investimentos e elevar em R$ 3,34 bilh\u00f5es as exporta\u00e7\u00f5es. Os ganhos ser\u00e3o impulsionados pela elimina\u00e7\u00e3o integral de tarifas industriais j\u00e1 no primeiro dia de vig\u00eancia e por medidas que reduzem barreiras t\u00e9cnicas e sanit\u00e1rias.<\/p>\n<p>O cap\u00edtulo sobre servi\u00e7os e investimentos tamb\u00e9m \u00e9 visto como fundamental, j\u00e1 que a Su\u00ed\u00e7a figura como o 11\u00ba maior investidor estrangeiro direto no Brasil, com estoque de US$ 30,5 bilh\u00f5es, enquanto a Noruega se destaca como principal doadora do Fundo Amaz\u00f4nia, com aportes de R$ 3,4 bilh\u00f5es.<\/p>\n<h2 class=\"wp-block-heading\" id=\"h-oportunidades\">Oportunidades<\/h2>\n<p>Entre os principais beneficiados est\u00e3o os setores de maior valor agregado. Produtos agroindustriais como carnes bovina, de aves e su\u00edna, milho, farelo de soja, frutas (banana, mel\u00e3o e uva), caf\u00e9 torrado, sucos de laranja e ma\u00e7\u00e3, mel, etanol e fumo n\u00e3o manufaturado ter\u00e3o acesso preferencial.<\/p>\n<p>Na ind\u00fastria, \u00e1reas como madeira, celulose, pedras ornamentais e semimanufaturados de ferro e a\u00e7o tamb\u00e9m devem ganhar espa\u00e7o.<\/p>\n<p>De acordo com a Confedera\u00e7\u00e3o Nacional da Ind\u00fastria (CNI), os setores com maior potencial s\u00e3o alimentos, qu\u00edmicos, m\u00e1quinas e equipamentos, metalurgia e produtos de metal. Cada segmento, por\u00e9m, dever\u00e1 ajustar sua estrat\u00e9gia considerando demanda, pre\u00e7os e log\u00edstica<\/p>\n<\/p><\/div>\n<p><br \/>\n<br \/><a href=\"https:\/\/www.canalrural.com.br\/nacional\/alckmin-diz-que-acordo-entre-mercosul-e-efta-e-estrategico-e-decisivo\/\">Source link <\/a><\/p>\n","protected":false},"excerpt":{"rendered":"<p>O vice-presidente e ministro do Desenvolvimento, Ind\u00fastria, Com\u00e9rcio e Servi\u00e7os (MDIC), Geraldo Alckmin, classificou como \u201cestrat\u00e9gico e decisivo\u201d o acordo<\/p>\n","protected":false},"author":1,"featured_media":20285,"comment_status":"open","ping_status":"open","sticky":false,"template":"","format":"standard","meta":{"_monsterinsights_skip_tracking":false,"_monsterinsights_sitenote_active":false,"_monsterinsights_sitenote_note":"","_monsterinsights_sitenote_category":0,"_uf_show_specific_survey":0,"_uf_disable_surveys":false,"footnotes":""},"categories":[1],"tags":[],"class_list":["post-20284","post","type-post","status-publish","format-standard","has-post-thumbnail","hentry","category-news"],"_links":{"self":[{"href":"https:\/\/agromt.news\/index.php?rest_route=\/wp\/v2\/posts\/20284"}],"collection":[{"href":"https:\/\/agromt.news\/index.php?rest_route=\/wp\/v2\/posts"}],"about":[{"href":"https:\/\/agromt.news\/index.php?rest_route=\/wp\/v2\/types\/post"}],"author":[{"embeddable":true,"href":"https:\/\/agromt.news\/index.php?rest_route=\/wp\/v2\/users\/1"}],"replies":[{"embeddable":true,"href":"https:\/\/agromt.news\/index.php?rest_route=%2Fwp%2Fv2%2Fcomments&post=20284"}],"version-history":[{"count":0,"href":"https:\/\/agromt.news\/index.php?rest_route=\/wp\/v2\/posts\/20284\/revisions"}],"wp:featuredmedia":[{"embeddable":true,"href":"https:\/\/agromt.news\/index.php?rest_route=\/wp\/v2\/media\/20285"}],"wp:attachment":[{"href":"https:\/\/agromt.news\/index.php?rest_route=%2Fwp%2Fv2%2Fmedia&parent=20284"}],"wp:term":[{"taxonomy":"category","embeddable":true,"href":"https:\/\/agromt.news\/index.php?rest_route=%2Fwp%2Fv2%2Fcategories&post=20284"},{"taxonomy":"post_tag","embeddable":true,"href":"https:\/\/agromt.news\/index.php?rest_route=%2Fwp%2Fv2%2Ftags&post=20284"}],"curies":[{"name":"wp","href":"https:\/\/api.w.org\/{rel}","templated":true}]}}