{"id":20280,"date":"2025-09-16T13:26:58","date_gmt":"2025-09-16T17:26:58","guid":{"rendered":"https:\/\/agromt.news\/?p=20280"},"modified":"2025-09-16T13:26:58","modified_gmt":"2025-09-16T17:26:58","slug":"mercosul-e-efta-assinam-acordo-de-livre-comercio","status":"publish","type":"post","link":"https:\/\/agromt.news\/?p=20280","title":{"rendered":"Mercosul e EFTA assinam acordo de livre com\u00e9rcio"},"content":{"rendered":"<p> <br \/>\n<br \/><img decoding=\"async\" src=\"https:\/\/agromt.news\/wp-content\/uploads\/2025\/09\/Mercosul-e-EFTA-assinam-acordo-de-livre-comercio.jpg\" \/><\/p>\n<div>\n<p>O Mercosul e a Associa\u00e7\u00e3o Europeia de Livre Com\u00e9rcio (EFTA, na sigla em ingl\u00eas) assinaram nesta ter\u00e7a-feira (16), no Rio de Janeiro, um acordo de livre com\u00e9rcio que abrange oito pa\u00edses e envolve um mercado de quase 300 milh\u00f5es de pessoas e um PIB conjunto superior a US$ 4,3 trilh\u00f5es.<\/p>\n<p>O entendimento prev\u00ea acesso ampliado a mercados para mais de 97% das exporta\u00e7\u00f5esentre os blocos, al\u00e9m de novas regras para facilitar o com\u00e9rcio e dar maior previsibilidade jur\u00eddica \u00e0s transa\u00e7\u00f5es. Segundo os governos signat\u00e1rios, a medida deve gerar benef\u00edcios para empresas de diferentes portes, incluindo pequenas e m\u00e9dias, e abrir novas oportunidades de neg\u00f3cios em setores variados.<\/p>\n<p>O acordo abrange com\u00e9rcio de bens e servi\u00e7os, investimentos, propriedade intelectual, compras governamentais, concorr\u00eancia, regras de origem, defesa comercial, barreiras t\u00e9cnicas, medidas sanit\u00e1rias e fitossanit\u00e1rias. Tamb\u00e9m prev\u00ea um cap\u00edtulo espec\u00edfico sobre com\u00e9rcio e desenvolvimento sustent\u00e1vel.<\/p>\n<p>As negocia\u00e7\u00f5es come\u00e7aram em 2017, em Buenos Aires, e somaram 14 rodadas at\u00e9 a conclus\u00e3o. Em 2025, os blocos retomaram as tratativas com tr\u00eas rodadas presenciais na capital argentina e reuni\u00f5es virtuais.<\/p>\n<p>Assinaram o documento, pelo Mercosul, representantes da Argentina, Brasil, Paraguai e Uruguai; e, pela EFTA, autoridades da Su\u00ed\u00e7a, Isl\u00e2ndia, Noruega e Liechtenstein. Os dois blocos declararam inten\u00e7\u00e3o de ratificar o acordo e coloc\u00e1-lo em vigor o mais rapidamente poss\u00edvel.<\/p>\n<\/p><\/div>\n<p><br \/>\n<br \/><a href=\"https:\/\/www.canalrural.com.br\/economia\/mercosul-e-efta-assinam-acordo-de-livre-comercio\/\">Source link <\/a><\/p>\n","protected":false},"excerpt":{"rendered":"<p>O Mercosul e a Associa\u00e7\u00e3o Europeia de Livre Com\u00e9rcio (EFTA, na sigla em ingl\u00eas) assinaram nesta ter\u00e7a-feira (16), no Rio<\/p>\n","protected":false},"author":1,"featured_media":20281,"comment_status":"open","ping_status":"open","sticky":false,"template":"","format":"standard","meta":{"_monsterinsights_skip_tracking":false,"_monsterinsights_sitenote_active":false,"_monsterinsights_sitenote_note":"","_monsterinsights_sitenote_category":0,"_uf_show_specific_survey":0,"_uf_disable_surveys":false,"footnotes":""},"categories":[1],"tags":[],"class_list":["post-20280","post","type-post","status-publish","format-standard","has-post-thumbnail","hentry","category-news"],"_links":{"self":[{"href":"https:\/\/agromt.news\/index.php?rest_route=\/wp\/v2\/posts\/20280"}],"collection":[{"href":"https:\/\/agromt.news\/index.php?rest_route=\/wp\/v2\/posts"}],"about":[{"href":"https:\/\/agromt.news\/index.php?rest_route=\/wp\/v2\/types\/post"}],"author":[{"embeddable":true,"href":"https:\/\/agromt.news\/index.php?rest_route=\/wp\/v2\/users\/1"}],"replies":[{"embeddable":true,"href":"https:\/\/agromt.news\/index.php?rest_route=%2Fwp%2Fv2%2Fcomments&post=20280"}],"version-history":[{"count":0,"href":"https:\/\/agromt.news\/index.php?rest_route=\/wp\/v2\/posts\/20280\/revisions"}],"wp:featuredmedia":[{"embeddable":true,"href":"https:\/\/agromt.news\/index.php?rest_route=\/wp\/v2\/media\/20281"}],"wp:attachment":[{"href":"https:\/\/agromt.news\/index.php?rest_route=%2Fwp%2Fv2%2Fmedia&parent=20280"}],"wp:term":[{"taxonomy":"category","embeddable":true,"href":"https:\/\/agromt.news\/index.php?rest_route=%2Fwp%2Fv2%2Fcategories&post=20280"},{"taxonomy":"post_tag","embeddable":true,"href":"https:\/\/agromt.news\/index.php?rest_route=%2Fwp%2Fv2%2Ftags&post=20280"}],"curies":[{"name":"wp","href":"https:\/\/api.w.org\/{rel}","templated":true}]}}