{"id":20276,"date":"2025-09-16T12:41:31","date_gmt":"2025-09-16T16:41:31","guid":{"rendered":"https:\/\/agromt.news\/?p=20276"},"modified":"2025-09-16T12:41:31","modified_gmt":"2025-09-16T16:41:31","slug":"congresso-de-marketing-do-agro-abmra-destaca-pessoas-processos-e-tecnologia-no-setor","status":"publish","type":"post","link":"https:\/\/agromt.news\/?p=20276","title":{"rendered":"Congresso de Marketing do Agro ABMRA destaca pessoas, processos e tecnologia no setor"},"content":{"rendered":"<p> <br \/>\n<br \/><img decoding=\"async\" src=\"https:\/\/agromt.news\/wp-content\/uploads\/2025\/09\/Congresso-de-Marketing-do-Agro-ABMRA-destaca-pessoas-processos-e.jpg\" \/><\/p>\n<div>\n<p>Em sua 17\u00aa edi\u00e7\u00e3o, o Congresso de Marketing do Agro ABMRA, realizado pela <strong><a href=\"http:\/\/www.canalrural.com.br\/tag\/abmra\/\">Associa\u00e7\u00e3o Brasileira de Marketing Rural e Agro<\/a><\/strong>, traz o tema \u201cOs 5 Ps do Marketing: A Evolu\u00e7\u00e3o Aplica\u00e7\u00e3o no Agro\u201d. O encontro ser\u00e1 realizado na pr\u00f3xima quinta-feira (18), a partir das 7h, no Blue Tree Transatl\u00e2ntico, em S\u00e3o Paulo.<\/p>\n<p>A programa\u00e7\u00e3o ser\u00e1 composta por cinco pain\u00e9is \u2013 Pessoas, Processos, Pra\u00e7a, Promo\u00e7\u00e3o e Performance \u2013, que reunir\u00e3o 15 especialistas e debatedores de diferentes \u00e1reas. O objetivo \u00e9 compartilhar experi\u00eancias pr\u00e1ticas, tend\u00eancias e estrat\u00e9gias para empresas, marcas e ag\u00eancias de comunica\u00e7\u00e3o que atuam no agroneg\u00f3cio.<\/p>\n<h2 class=\"wp-block-heading\" id=\"h-pessoas-foco-no-capital-humano\">Pessoas: foco no capital humano<\/h2>\n<p>O primeiro painel ter\u00e1 como destaque a valoriza\u00e7\u00e3o de equipes e colaboradores. A proposta \u00e9 mostrar como o engajamento interno pode se transformar em fidelidade do cliente. Entre os participantes est\u00e3o <strong>Bill Moraes<\/strong>, CEO da FranklinCovey Brasil; <strong>Claudio Vicente<\/strong>, especialista no modelo Disney de excel\u00eancia; e <strong>Paulo Camargo<\/strong>, ex-CEO do McDonald\u2019s. A media\u00e7\u00e3o ser\u00e1 feita pelo jornalista <strong>Pedro Costa<\/strong>, com participa\u00e7\u00e3o especial de <strong>Afonso Abelh\u00e3o<\/strong>, presidente da APP Brasil.<\/p>\n<h2 class=\"wp-block-heading\" id=\"h-processos-tecnologia-e-inovacao-em-destaque\">Processos: tecnologia e inova\u00e7\u00e3o em destaque<\/h2>\n<p>O segundo bloco vai explorar como a otimiza\u00e7\u00e3o de fluxos de trabalho e o uso da <strong>intelig\u00eancia artificial<\/strong> (IA) podem criar vantagem competitiva para empresas do agro. O painel contar\u00e1 com <strong>Adriano Henriques<\/strong>, vice-presidente do comit\u00ea de IA do IAB; e <strong>Marcondes Farias<\/strong>, diretor do Innovation Hub da Microsoft. A jornalista <strong>Marusa Trevisan<\/strong>, do Canal Rural, ser\u00e1 a mediadora, com participa\u00e7\u00e3o especial de <strong>Bia Ambrogi<\/strong>, presidente da Apro+Som.<\/p>\n<h2 class=\"wp-block-heading\" id=\"h-praca-logistica-e-distribuicao-no-agro\">Pra\u00e7a: log\u00edstica e distribui\u00e7\u00e3o no agro<\/h2>\n<p>A terceira mesa de debates tratar\u00e1 da import\u00e2ncia de um plano de distribui\u00e7\u00e3o eficiente para ampliar a presen\u00e7a das marcas nos pontos de venda. Participam <strong>Rafael Vieira<\/strong>, especialista em log\u00edstica da Harven Agribusiness School, e <strong>Paulo C\u00e9sar Tiburcio<\/strong>, presidente executivo da Associa\u00e7\u00e3o Nacional dos Distribuidores de Insumos Agr\u00edcolas e Veterin\u00e1rios (Andav). <\/p>\n<p>O quarto painel ter\u00e1 como foco o impacto de campanhas e estrat\u00e9gias de comunica\u00e7\u00e3o. A discuss\u00e3o ser\u00e1 embasada em dados in\u00e9ditos da <strong>9\u00aa Pesquisa ABMRA \u2013 H\u00e1bitos do Produtor Rural<\/strong>. Entre os convidados est\u00e3o <strong>Bruno Busquet<\/strong>, presidente da Popai Brasil, e <strong>Melissa Vogel<\/strong>, executiva de m\u00eddia. A media\u00e7\u00e3o ficar\u00e1 por conta de <strong>Jaqueline Silva<\/strong>, diretora de conte\u00fado e programa\u00e7\u00e3o do Canal Rural, com participa\u00e7\u00e3o especial de <strong>Rodrigo Neves<\/strong>, presidente da AnaMid.<\/p>\n<h2 class=\"wp-block-heading\" id=\"h-performance-metricas-e-resultados\">Performance: m\u00e9tricas e resultados<\/h2>\n<p>Encerrando a programa\u00e7\u00e3o, o quinto painel abordar\u00e1 indicadores de desempenho e controle de ROI. Estar\u00e3o presentes <strong>Diego Senise<\/strong>, CEO da Ilumeo e professor de IA na USP, e <strong>Juliano Machado<\/strong>, vice-presidente da Ram. A media\u00e7\u00e3o ser\u00e1 conduzida pela jornalista <strong>Angela Ruiz<\/strong>.<\/p>\n<h2 class=\"wp-block-heading\" id=\"h-inscricoes-abertas\">Inscri\u00e7\u00f5es abertas<\/h2>\n<p>O Congresso ABMRA \u00e9 reconhecido como um dos principais encontros de marketing do agroneg\u00f3cio no Brasil, com mais de quatro d\u00e9cadas de experi\u00eancia na promo\u00e7\u00e3o de debates e atualiza\u00e7\u00e3o profissional. As inscri\u00e7\u00f5es j\u00e1 est\u00e3o dispon\u00edveis no <strong><a href=\"http:\/\/congressoabmra.com.br\">site oficial do evento<\/a><\/strong>.<\/p>\n<h2 class=\"wp-block-heading\" id=\"h-17\u00ba-congresso-de-marketing-do-agro-abmra\">17\u00ba Congresso de Marketing do Agro ABMRA<\/h2>\n<\/p><\/div>\n<p><br \/>\n<br \/><a href=\"https:\/\/www.canalrural.com.br\/feiras-e-eventos\/congresso-de-marketing-do-agro-abmra-destaca-pessoas-processos-e-tecnologia-no-setor\/\">Source link <\/a><\/p>\n","protected":false},"excerpt":{"rendered":"<p>Em sua 17\u00aa edi\u00e7\u00e3o, o Congresso de Marketing do Agro ABMRA, realizado pela Associa\u00e7\u00e3o Brasileira de Marketing Rural e Agro,<\/p>\n","protected":false},"author":1,"featured_media":20277,"comment_status":"open","ping_status":"open","sticky":false,"template":"","format":"standard","meta":{"_monsterinsights_skip_tracking":false,"_monsterinsights_sitenote_active":false,"_monsterinsights_sitenote_note":"","_monsterinsights_sitenote_category":0,"_uf_show_specific_survey":0,"_uf_disable_surveys":false,"footnotes":""},"categories":[1],"tags":[],"class_list":["post-20276","post","type-post","status-publish","format-standard","has-post-thumbnail","hentry","category-news"],"_links":{"self":[{"href":"https:\/\/agromt.news\/index.php?rest_route=\/wp\/v2\/posts\/20276"}],"collection":[{"href":"https:\/\/agromt.news\/index.php?rest_route=\/wp\/v2\/posts"}],"about":[{"href":"https:\/\/agromt.news\/index.php?rest_route=\/wp\/v2\/types\/post"}],"author":[{"embeddable":true,"href":"https:\/\/agromt.news\/index.php?rest_route=\/wp\/v2\/users\/1"}],"replies":[{"embeddable":true,"href":"https:\/\/agromt.news\/index.php?rest_route=%2Fwp%2Fv2%2Fcomments&post=20276"}],"version-history":[{"count":0,"href":"https:\/\/agromt.news\/index.php?rest_route=\/wp\/v2\/posts\/20276\/revisions"}],"wp:featuredmedia":[{"embeddable":true,"href":"https:\/\/agromt.news\/index.php?rest_route=\/wp\/v2\/media\/20277"}],"wp:attachment":[{"href":"https:\/\/agromt.news\/index.php?rest_route=%2Fwp%2Fv2%2Fmedia&parent=20276"}],"wp:term":[{"taxonomy":"category","embeddable":true,"href":"https:\/\/agromt.news\/index.php?rest_route=%2Fwp%2Fv2%2Fcategories&post=20276"},{"taxonomy":"post_tag","embeddable":true,"href":"https:\/\/agromt.news\/index.php?rest_route=%2Fwp%2Fv2%2Ftags&post=20276"}],"curies":[{"name":"wp","href":"https:\/\/api.w.org\/{rel}","templated":true}]}}