{"id":20270,"date":"2025-09-16T11:29:13","date_gmt":"2025-09-16T15:29:13","guid":{"rendered":"https:\/\/agromt.news\/?p=20270"},"modified":"2025-09-16T11:29:13","modified_gmt":"2025-09-16T15:29:13","slug":"os-desafios-para-a-nova-safra-de-soja-em-mt","status":"publish","type":"post","link":"https:\/\/agromt.news\/?p=20270","title":{"rendered":"os desafios para a nova safra de soja em MT"},"content":{"rendered":"<p> <br \/>\n<br \/><img decoding=\"async\" src=\"https:\/\/agromt.news\/wp-content\/uploads\/2025\/01\/Como-esta-o-plantio-e-a-colheita-da-soja-no.jpeg\" \/><\/p>\n<div>\n<p>A <a href=\"https:\/\/www.canalrural.com.br\/agricultura\/projeto-soja-brasil\/vazio-sanitario-chega-ao-fim-em-diferentes-regioes-safra-exige-atencao-redobrada-dos-produtores\/\">temporada <\/a>de soja j\u00e1 come\u00e7ou em Mato Grosso, mas o clima indefinido e os custos de produ\u00e7\u00e3o ainda obrigam o produtor a ter cautela. A preocupa\u00e7\u00e3o agora \u00e9 garantir a semeadura dentro da janela ideal, j\u00e1 que o milho de segunda safra depende do ritmo da oleaginosa.<\/p>\n<p><iframe title=\"Produtor corre contra o tempo no plantio da soja para garantir o milho\" width=\"800\" height=\"450\" src=\"https:\/\/www.youtube.com\/embed\/jRo75aywEAU?feature=oembed\" frameborder=\"0\" allow=\"accelerometer; autoplay; clipboard-write; encrypted-media; gyroscope; picture-in-picture; web-share\" referrerpolicy=\"strict-origin-when-cross-origin\" allowfullscreen><\/iframe><noscript><iframe title=\"Produtor corre contra o tempo no plantio da soja para garantir o milho\" width=\"800\" height=\"450\" src=\"https:\/\/www.youtube.com\/embed\/jRo75aywEAU?feature=oembed\" frameborder=\"0\" allow=\"accelerometer; autoplay; clipboard-write; encrypted-media; gyroscope; picture-in-picture; web-share\" referrerpolicy=\"strict-origin-when-cross-origin\" allowfullscreen><\/iframe><\/noscript><\/p>\n<ul class=\"wp-block-list\">\n<li><strong><em>Fique por dentro das novidades e not\u00edcias recentes sobre a soja! Participe da nossa comunidade atrav\u00e9s do\u00a0<a href=\"https:\/\/chat.whatsapp.com\/BmMRwA0TZ2DHGyhzoaVEWu\">link<\/a>! \ud83c\udf31<\/em><\/strong><\/li>\n<\/ul>\n<p>Em Novo Ubirat\u00e3, no m\u00e9dio-norte do estado, o agricultor Nathan Belusso planeja cultivar 2.500 hectares nesta safra. Por enquanto, as plantadeiras est\u00e3o em opera\u00e7\u00e3o apenas nas \u00e1reas irrigadas, que somam 100 hectares. <\/p>\n<p>\u201cA ideia \u00e9 at\u00e9 a semana que vem finalizar 100% da \u00e1rea irrigada e, com isso, aguardar a chuva. Assim que tivermos um volume consider\u00e1vel para garantir a boa emerg\u00eancia das plantas, vamos iniciar o plantio no sequeiro. A irriga\u00e7\u00e3o \u00e9 uma ferramenta que ajuda a consolidar a produ\u00e7\u00e3o e antecipar as opera\u00e7\u00f5es seguintes, como milho e feij\u00e3o\u201d, explica Belusso.<\/p>\n<h3 class=\"wp-block-heading\" id=\"h-sem-chuva-sem-soja\">Sem chuva, sem soja? <\/h3>\n<p>Em Sorriso, a estrat\u00e9gia tamb\u00e9m come\u00e7ou sob piv\u00f4s, abrindo espa\u00e7o para cerca de 480 mil hectares do cereal no pr\u00f3ximo ciclo. Mas, segundo Diogo Damiani, presidente do Sindicato Rural do munic\u00edpio, as chuvas ainda n\u00e3o chegaram. \u201cAinda n\u00e3o tivemos plantio, nem no irrigado e muito menos no sequeiro. Estamos aguardando as previs\u00f5es para a segunda quinzena de setembro\u201d, afirma.<\/p>\n<p>Ele lembra ainda que os custos elevados e as margens apertadas exigem que o produtor fa\u00e7a girar as tr\u00eas safras ao longo do ano. \u201cSe a soja vier mais cedo, abre-se uma janela positiva para o milho e isso garante o giro de neg\u00f3cios\u201d, complementa. <\/p>\n<p>Nas vendas futuras, o avan\u00e7o ainda \u00e9 t\u00edmido. Segundo o Instituto Mato-Grossense de Economia Agropecu\u00e1ria (<a href=\"https:\/\/www.imea.com.br\/\">Imea<\/a>), apenas 15,51% da safra de milho 25\/26 foi comercializada at\u00e9 agora. O percentual supera o do ano passado, mas continua abaixo da m\u00e9dia dos \u00faltimos cinco anos. <\/p>\n<h3 class=\"wp-block-heading\" id=\"h-os-desafios-no-estado\">Os desafios no estado<\/h3>\n<p>O presidente da Aprosoja-MT, Lucas Costa Beber, alerta para o equil\u00edbrio entre cautela e necessidade de avan\u00e7ar com a semeadura. \u201dO custo de sementes e insumos \u00e9 muito alto, ent\u00e3o \u00e9 preciso cuidado. Por outro lado, h\u00e1 o desafio do milho, que precisa ser plantado em uma janela curta. Ou seja, \u00e9 fundamental que a soja seja semeada rapidamente para garantir produtividade e rentabilidade nas duas safras\u201d, comenta.<\/p>\n<p>A expectativa clim\u00e1tica aponta para a influ\u00eancia do La Ni\u00f1a, que pode trazer melhores volumes de chuva ao Centro-Oeste, mas tamb\u00e9m irregularidades que mant\u00eam a apreens\u00e3o do setor.<\/p>\n<\/p><\/div>\n<p><br \/>\n<br \/><a href=\"https:\/\/www.canalrural.com.br\/agricultura\/projeto-soja-brasil\/clima-indefinido-e-custos-elevados-os-desafios-para-a-nova-safra-de-soja-em-mt\/\">Source link <\/a><\/p>\n","protected":false},"excerpt":{"rendered":"<p>A temporada de soja j\u00e1 come\u00e7ou em Mato Grosso, mas o clima indefinido e os custos de produ\u00e7\u00e3o ainda obrigam<\/p>\n","protected":false},"author":1,"featured_media":7639,"comment_status":"open","ping_status":"open","sticky":false,"template":"","format":"standard","meta":{"_monsterinsights_skip_tracking":false,"_monsterinsights_sitenote_active":false,"_monsterinsights_sitenote_note":"","_monsterinsights_sitenote_category":0,"_uf_show_specific_survey":0,"_uf_disable_surveys":false,"footnotes":""},"categories":[1],"tags":[],"class_list":["post-20270","post","type-post","status-publish","format-standard","has-post-thumbnail","hentry","category-news"],"_links":{"self":[{"href":"https:\/\/agromt.news\/index.php?rest_route=\/wp\/v2\/posts\/20270"}],"collection":[{"href":"https:\/\/agromt.news\/index.php?rest_route=\/wp\/v2\/posts"}],"about":[{"href":"https:\/\/agromt.news\/index.php?rest_route=\/wp\/v2\/types\/post"}],"author":[{"embeddable":true,"href":"https:\/\/agromt.news\/index.php?rest_route=\/wp\/v2\/users\/1"}],"replies":[{"embeddable":true,"href":"https:\/\/agromt.news\/index.php?rest_route=%2Fwp%2Fv2%2Fcomments&post=20270"}],"version-history":[{"count":0,"href":"https:\/\/agromt.news\/index.php?rest_route=\/wp\/v2\/posts\/20270\/revisions"}],"wp:featuredmedia":[{"embeddable":true,"href":"https:\/\/agromt.news\/index.php?rest_route=\/wp\/v2\/media\/7639"}],"wp:attachment":[{"href":"https:\/\/agromt.news\/index.php?rest_route=%2Fwp%2Fv2%2Fmedia&parent=20270"}],"wp:term":[{"taxonomy":"category","embeddable":true,"href":"https:\/\/agromt.news\/index.php?rest_route=%2Fwp%2Fv2%2Fcategories&post=20270"},{"taxonomy":"post_tag","embeddable":true,"href":"https:\/\/agromt.news\/index.php?rest_route=%2Fwp%2Fv2%2Ftags&post=20270"}],"curies":[{"name":"wp","href":"https:\/\/api.w.org\/{rel}","templated":true}]}}