{"id":20265,"date":"2025-09-16T11:12:14","date_gmt":"2025-09-16T15:12:14","guid":{"rendered":"https:\/\/agromt.news\/?p=20265"},"modified":"2025-09-16T11:12:14","modified_gmt":"2025-09-16T15:12:14","slug":"precos-da-mandioca-sobem-com-oferta-limitada","status":"publish","type":"post","link":"https:\/\/agromt.news\/?p=20265","title":{"rendered":"Pre\u00e7os da mandioca sobem com oferta limitada"},"content":{"rendered":"<p> <br \/>\n<\/p>\n<div>\n<div class=\"row\">\n<div class=\"col-lg col-infos mt-0 mt-lg-0\">\n<div class=\"section-sub-title\">\n<p itemprop=\"description\">&#13;<br \/>\n                                Oferta menor e clima seco elevam pre\u00e7os da mandioca em setembro&#13;\n                            <\/p>\n<\/p><\/div>\n<div class=\"container\">\n<div class=\"row\">\n<div class=\"col-lg p-0 text-lg-end\">\n<div>\n<div id=\"mdEnviarPagina\" class=\"modal fade\" role=\"dialog\">\n<div class=\"modal-dialog\">\n<div class=\"modal-content\">\n<div class=\"modal-body\">\n<p><strong>Estimado usu\u00e1rio.<\/strong><br \/>Preencha o formul\u00e1rio abaixo para remeter a p\u00e1gina.<\/p>\n<\/p><\/div>\n<\/p><\/div>\n<\/p><\/div>\n<\/div><\/div>\n<\/p><\/div>\n<\/p><\/div>\n<\/p><\/div>\n<\/p><\/div>\n<\/p><\/div>\n<div class=\"row justify-content-md-center mt-3\">\n<div class=\"col-lg-auto col-image block-news-main-image\">\n<p>                                <img decoding=\"async\" src=\"https:\/\/www.agrolink.com.br\/upload\/imagens-resizes\/3ee824b80f72490c8f5592b502935c47_858x483.jpg\" class=\"lazyload img-fluid\"\/><br \/>\n                                                <span class=\"publicity-photo d-block mt-1\">Foto: Canva<\/span><\/p><\/div>\n<\/p><\/div>\n<div class=\"section-description section-description-noticias mt-3\">\n<p style=\"text-align:justify\">A \u00faltima semana foi marcada por oferta restrita de <a href=\"https:\/\/www.agrolink.com.br\/culturas\/mandioca\/?utm_source=agrolink-detalhe-noticia&amp;utm_medium=detalhe-noticia&amp;utm_campaign=links-internos\" target=\"_blank\" rel=\"noopener\">mandioca<\/a> em todas as regi\u00f5es acompanhadas pelo Cepea.\u00a0Segundo pesquisadores, esse cen\u00e1rio continua atrelado ao baixo interesse pela comercializa\u00e7\u00e3o de ra\u00edzes de 1\u00ba ciclo \u2013 devido \u00e0 menor rentabilidade \u2013 e tamb\u00e9m ao clima seco, que chegou a interromper os trabalhos no campo em diversas \u00e1reas.\u00a0&#13;\n<\/p>\n<p style=\"text-align:justify\">Como resultado, os pre\u00e7os seguiram em alta, registrando a maior eleva\u00e7\u00e3o semanal desde outubro de 2021, conforme levantamentos do Centro de Pesquisas.\u00a0Entre 8 e 12 de setembro, a m\u00e9dia nominal a prazo da tonelada de <a href=\"https:\/\/www.agrolink.com.br\/culturas\/mandioca\/?utm_source=agrolink-detalhe-noticia&amp;utm_medium=detalhe-noticia&amp;utm_campaign=links-internos\" target=\"_blank\" rel=\"noopener\">mandioca<\/a> posta fecularia foi de R$ 487,54 (R$ 0,8479\/grama de amido) \u2013 o maior valor em oito semanas \u2013, avan\u00e7o de 4,3% em rela\u00e7\u00e3o ao intervalo anterior.\u00a0&#13;\n<\/p>\n<p style=\"text-align:justify\">Segundo dados do Cepea, o esmagamento de <a href=\"https:\/\/www.agrolink.com.br\/culturas\/mandioca\/?utm_source=agrolink-detalhe-noticia&amp;utm_medium=detalhe-noticia&amp;utm_campaign=links-internos\" target=\"_blank\" rel=\"noopener\">mandioca<\/a> nas fecularias foi estimado em 43,7 mil toneladas para a semana passada, queda de 8% frente \u00e0 anterior. No acumulado da primeira quinzena, o volume est\u00e1 20% inferior ao observado em igual per\u00edodo de agosto. A ociosidade industrial aumentou, com m\u00e9dia em 60,8% da capacidade instalada.&#13;\n<\/p>\n<\/p><\/div>\n<\/p><\/div>\n<p><script data-cfasync=\"false\">\n    !function (f, b, e, v, n, t, s) {\n        if (f.fbq) return; n = f.fbq = function () {\n            n.callMethod ?\n                n.callMethod.apply(n, arguments) : n.queue.push(arguments)\n        };\n        if (!f._fbq) f._fbq = n; n.push = n; n.loaded = !0; n.version = '2.0';\n        n.queue = []; t = b.createElement(e); t.async = !0;\n        t.src = v; s = b.getElementsByTagName(e)[0];\n        s.parentNode.insertBefore(t, s)\n    }(window, document, 'script',\n        'https:\/\/connect.facebook.net\/en_US\/fbevents.js');\n    fbq('init', '522546078623747');\n    fbq('track', 'PageView');\n<\/script><br \/>\n<br \/><br \/>\n<br \/><a href=\"https:\/\/www.agrolink.com.br\/noticias\/mandioca-cepea--oferta-limitada-sustenta-alta-de-precos_505962.html\">Source link <\/a><\/p>\n","protected":false},"excerpt":{"rendered":"<p>&#13; Oferta menor e clima seco elevam pre\u00e7os da mandioca em setembro&#13; Estimado usu\u00e1rio.Preencha o formul\u00e1rio abaixo para remeter a<\/p>\n","protected":false},"author":1,"featured_media":4356,"comment_status":"open","ping_status":"open","sticky":false,"template":"","format":"standard","meta":{"_monsterinsights_skip_tracking":false,"_monsterinsights_sitenote_active":false,"_monsterinsights_sitenote_note":"","_monsterinsights_sitenote_category":0,"_uf_show_specific_survey":0,"_uf_disable_surveys":false,"footnotes":""},"categories":[8,1,14],"tags":[],"class_list":["post-20265","post","type-post","status-publish","format-standard","has-post-thumbnail","hentry","category-agro","category-news","category-politica-agro"],"_links":{"self":[{"href":"https:\/\/agromt.news\/index.php?rest_route=\/wp\/v2\/posts\/20265"}],"collection":[{"href":"https:\/\/agromt.news\/index.php?rest_route=\/wp\/v2\/posts"}],"about":[{"href":"https:\/\/agromt.news\/index.php?rest_route=\/wp\/v2\/types\/post"}],"author":[{"embeddable":true,"href":"https:\/\/agromt.news\/index.php?rest_route=\/wp\/v2\/users\/1"}],"replies":[{"embeddable":true,"href":"https:\/\/agromt.news\/index.php?rest_route=%2Fwp%2Fv2%2Fcomments&post=20265"}],"version-history":[{"count":0,"href":"https:\/\/agromt.news\/index.php?rest_route=\/wp\/v2\/posts\/20265\/revisions"}],"wp:featuredmedia":[{"embeddable":true,"href":"https:\/\/agromt.news\/index.php?rest_route=\/wp\/v2\/media\/4356"}],"wp:attachment":[{"href":"https:\/\/agromt.news\/index.php?rest_route=%2Fwp%2Fv2%2Fmedia&parent=20265"}],"wp:term":[{"taxonomy":"category","embeddable":true,"href":"https:\/\/agromt.news\/index.php?rest_route=%2Fwp%2Fv2%2Fcategories&post=20265"},{"taxonomy":"post_tag","embeddable":true,"href":"https:\/\/agromt.news\/index.php?rest_route=%2Fwp%2Fv2%2Ftags&post=20265"}],"curies":[{"name":"wp","href":"https:\/\/api.w.org\/{rel}","templated":true}]}}