{"id":20263,"date":"2025-09-16T10:46:18","date_gmt":"2025-09-16T14:46:18","guid":{"rendered":"https:\/\/agromt.news\/?p=20263"},"modified":"2025-09-16T10:46:18","modified_gmt":"2025-09-16T14:46:18","slug":"precos-do-trigo-recuam-com-a-colheita-ganhando-ritmo-no-parana","status":"publish","type":"post","link":"https:\/\/agromt.news\/?p=20263","title":{"rendered":"Pre\u00e7os do trigo recuam com a colheita ganhando ritmo no Paran\u00e1"},"content":{"rendered":"<p> <br \/>\n<br \/><img decoding=\"async\" src=\"https:\/\/agromt.news\/wp-content\/uploads\/2024\/10\/volume-exportado-da-Argentina-pode-ser-2o-maior-ja-registrado.jpg\" \/><\/p>\n<div>\n<p>Os pre\u00e7os do trigo ca\u00edram nos \u00faltimos dias refletindo o avan\u00e7o da colheita da nova safra, sobretudo no Paran\u00e1, combinado \u00e0 desvaloriza\u00e7\u00e3o do d\u00f3lar frente ao Real. Isso \u00e9 o que apontam os levantamentos do <a href=\"https:\/\/www.canalrural.com.br\/tag\/cepea\/\">Centro de Estudos Avan\u00e7ados em Economia Aplicada (Cepea).<\/a><\/p>\n<p>Segundo o instituto, vendedores passam a ficar mais ativos no mercado spot. J\u00e1 os compradores est\u00e3o retra\u00eddos, indicando estar abastecidos com cereal importado em meses anteriores.<\/p>\n<p>No relat\u00f3rio de setembro\/25, a Conab reduziu a estimativa de produ\u00e7\u00e3o brasileira, diante da menor \u00e1rea cultivada. A safra foi projetada em 7,536 milh\u00f5es de toneladas, 3,5% abaixo da apontada em agosto e 4,5% inferior \u00e0 de 2024, o menor volume desde 2020.<\/p>\n<p>A \u00e1rea deve somar 2,449 milh\u00f5es de hectares, queda de 3,8% sobre o relat\u00f3rio anterior e de 19,9% em rela\u00e7\u00e3o a 2024. Segundo pesquisadores do Cepea, o ligeiro aumento de 0,3% na produtividade (3,077 t\/ha) n\u00e3o compensa a retra\u00e7\u00e3o da \u00e1rea.<\/p>\n<p><em>*Sob supervis\u00e3o de Luis Roberto Toledo<\/em><\/p>\n<\/p><\/div>\n<p><br \/>\n<br \/><a href=\"https:\/\/www.canalrural.com.br\/agricultura\/precos-do-trigo-recuam-com-a-colheita-ganhando-ritmo-no-parana\/\">Source link <\/a><\/p>\n","protected":false},"excerpt":{"rendered":"<p>Os pre\u00e7os do trigo ca\u00edram nos \u00faltimos dias refletindo o avan\u00e7o da colheita da nova safra, sobretudo no Paran\u00e1, combinado<\/p>\n","protected":false},"author":1,"featured_media":4109,"comment_status":"open","ping_status":"open","sticky":false,"template":"","format":"standard","meta":{"_monsterinsights_skip_tracking":false,"_monsterinsights_sitenote_active":false,"_monsterinsights_sitenote_note":"","_monsterinsights_sitenote_category":0,"_uf_show_specific_survey":0,"_uf_disable_surveys":false,"footnotes":""},"categories":[1],"tags":[],"class_list":["post-20263","post","type-post","status-publish","format-standard","has-post-thumbnail","hentry","category-news"],"_links":{"self":[{"href":"https:\/\/agromt.news\/index.php?rest_route=\/wp\/v2\/posts\/20263"}],"collection":[{"href":"https:\/\/agromt.news\/index.php?rest_route=\/wp\/v2\/posts"}],"about":[{"href":"https:\/\/agromt.news\/index.php?rest_route=\/wp\/v2\/types\/post"}],"author":[{"embeddable":true,"href":"https:\/\/agromt.news\/index.php?rest_route=\/wp\/v2\/users\/1"}],"replies":[{"embeddable":true,"href":"https:\/\/agromt.news\/index.php?rest_route=%2Fwp%2Fv2%2Fcomments&post=20263"}],"version-history":[{"count":0,"href":"https:\/\/agromt.news\/index.php?rest_route=\/wp\/v2\/posts\/20263\/revisions"}],"wp:featuredmedia":[{"embeddable":true,"href":"https:\/\/agromt.news\/index.php?rest_route=\/wp\/v2\/media\/4109"}],"wp:attachment":[{"href":"https:\/\/agromt.news\/index.php?rest_route=%2Fwp%2Fv2%2Fmedia&parent=20263"}],"wp:term":[{"taxonomy":"category","embeddable":true,"href":"https:\/\/agromt.news\/index.php?rest_route=%2Fwp%2Fv2%2Fcategories&post=20263"},{"taxonomy":"post_tag","embeddable":true,"href":"https:\/\/agromt.news\/index.php?rest_route=%2Fwp%2Fv2%2Ftags&post=20263"}],"curies":[{"name":"wp","href":"https:\/\/api.w.org\/{rel}","templated":true}]}}